{"id":1443,"date":"2020-12-20T17:54:37","date_gmt":"2020-12-20T16:54:37","guid":{"rendered":"http:\/\/alternativescoutances.fr\/?p=1443"},"modified":"2021-01-18T21:13:46","modified_gmt":"2021-01-18T20:13:46","slug":"compte-rendu-du-conseil-municipal-du-17-12-2020","status":"publish","type":"post","link":"http:\/\/alternativescoutances.fr\/index.php\/2020\/12\/20\/compte-rendu-du-conseil-municipal-du-17-12-2020\/","title":{"rendered":"Compte-rendu du conseil municipal du 17-12-2020"},"content":{"rendered":"<h4>Les points forts relev\u00e9s par Alternatives<\/h4>\n<p><em>(<span style=\"text-decoration: underline;\">Les acronymes utilis\u00e9s<\/span> :<\/em><br \/>\n<em>CMB : Coutances Mer et Bocage<\/em><br \/>\n<em>CCAS : Centre Communal d&rsquo;Action Sociale<\/em><br \/>\n<em>C\u00e0C : Coutances \u00e0 Coeur<\/em><br \/>\n<em>SDEAU : Syndicat D\u00e9partemental de l&rsquo;Eau)<\/em><\/p>\n<p><a href=\"http:\/\/alternativescoutances.fr\/wp-content\/uploads\/2020\/12\/cm17122020.pdf\">L&rsquo;ordre du jour est disponible ici<\/a><!--more--><\/p>\n<hr \/>\n<p><strong><span style=\"color: #008000;\">RAPPORT N\u00b02<\/span><\/strong><br \/>\n<strong><span style=\"color: #008000;\">SUBVENTIONS<\/span><\/strong> (notamment celle au CCAS<\/p>\n<p><strong>Alternatives<\/strong> demande si l&rsquo;audit est en lien avec un projet, une orientation, une inflexion politique ?<\/p>\n<p><strong>Adjointe CCAS<\/strong> :\u00a0 Il y aura une ABS (analyse des besoins sociaux) et audit (financier). Le cabinet d\u2019analyse proposera des pistes d\u2019organisation : d\u2019abord l\u2019introspection puis des fiches actions. Les r\u00e9sultats d\u2019audit seront pr\u00e9sent\u00e9s au CA et au Conseil Municipal.<\/p>\n<p><strong>C\u00e0C<\/strong> : Une subvention de 40000\u20ac au CCAS. L\u2019audit aurait pu \u00eatre fait par un travailleur social du CCAS dont c&rsquo;est le travail.<\/p>\n<p><strong>Maire<\/strong> : ce n\u2019est pas la m\u00eame op\u00e9ration entre le travailleur social et l\u2019audit<br \/>\n<strong>Adjointe CCAS<\/strong> : l\u2019ABS n\u2019\u00e9tait pas complet. Les personnels sont d\u00e9bord\u00e9s et l\u2019audit permettra de d\u00e9finir une politique et de r\u00e9pondre aux besoins de la population.<\/p>\n<p><strong><span style=\"color: #008000;\">RAPPORT N\u00b03<\/span><\/strong><br \/>\n<strong><span style=\"color: #008000;\">DECISION MODIFICATIVE N\u00b03 DU BUDGET GENERAL<\/span><\/strong><\/p>\n<p><strong>Adjoint finances<\/strong> : il y a eu une erreur de plusieurs milliers d\u2019euros (plus de 33000) d\u00fbe \u00e0 une \u00e9criture comptable entre le SDEAU et la mairie.<br \/>\nSuite \u00e0 une demande de pr\u00e9cision d&rsquo;<strong>Alternatives<\/strong>, il est expliqu\u00e9 que les recette d\u00e9signent une dotation d\u2019\u00c9tat (dotation de solidarit\u00e9 rurale) qui est con\u00e7ue pour compenser\u00a0 la faiblesses des recettes fiscales des communes rurales.<\/p>\n<p><strong><span style=\"color: #008000;\">RAPPORT N\u00b04<\/span><\/strong><br \/>\n<strong><span style=\"color: #008000;\">TRAVAUX DE REAMENAGEMENT DE VOIRIE DE LA RUE<\/span><\/strong><br \/>\n<strong><span style=\"color: #008000;\">GEOFFROY DE MONTBRAY \u2013 ATTRIBUTION DES MARCHES<\/span><\/strong><\/p>\n<p><strong>Alternatives<\/strong> propose que (comme \u00e9voqu\u00e9 lors de la commission) les crit\u00e8res d&rsquo;attribution des march\u00e9s soient revus en int\u00e9grant des crit\u00e8res environnementaux et sociaux.<\/p>\n<p><strong>Maire<\/strong> : \u00ab\u00a0Pourquoi pas, &lsquo;y suis favorable. nous allons y travailler progressivement.\u00a0\u00bb<\/p>\n<p><strong>Services techniques<\/strong> : tous les types de march\u00e9s ne s\u2019y pr\u00eatent pas mais on s\u2019attache \u00e0 \u00e9tablir des crit\u00e8res environnementaux. Pour les crit\u00e8res sociaux, on commence, notamment avec le march\u00e9 de Claires-fontaines. Si \u00e7a fonctionne sur ce dossier, on pourrait \u00e9tendre.<\/p>\n<p><strong>C\u00e0C<\/strong> : le Conseil D\u00e9partemental a une facilitatrice pour les clauses sociales.<br \/>\n<strong>Services techniques<\/strong> : nous avons entam\u00e9 un dialogue avec le CD pour aller dans ce sens.<\/p>\n<p>Les travaux rue de Montbray commencerait en mars ou avril. L\u2019information (et non une concertation) va \u00eatre faite mais la mairie attendait de conna\u00eetre le nom de l\u2019entreprise et le calendrier des op\u00e9rations. Il a \u00e9t\u00e9 act\u00e9 de faire une r\u00e9union publique en 2021.<\/p>\n<p><strong><span style=\"color: #008000;\">RAPPORT N\u00b06<\/span><\/strong><br \/>\n<strong><span style=\"color: #008000;\">OUVERTURES DOMINICALES<\/span><\/strong><\/p>\n<p><strong>Alternatives<\/strong> : on se pose la question de principe de l\u2019ouverture des commerces le dimanche notamment vis-\u00e0-vis des salari\u00e9s.<br \/>\nLes grandes surfaces seront-elles concern\u00e9es ?<br \/>\nPourrait imaginer plut\u00f4t des actions pour attirer davantage les gens dans le commerce du centre ville ?<\/p>\n<p><strong>Adjoint commerce<\/strong> : on intervient pas sur les relations entre les salari\u00e9s et les patrons des commerces. Nous sommes aussi pour permettre d\u2019attirer les commerces. Il y a eu une concertation mais seule la CGC pour les syndicats est venue et a donn\u00e9 un avis.<\/p>\n<p><strong>C\u00e0C<\/strong> : il ne faut pas opposer grandes surfaces et petits commerces&#8230; et les salari\u00e9s sont contents de travailler le dimanche, car \u00ab\u00a0cela met un peu de beurre dans les \u00e9pinards\u00a0\u00bb.<\/p>\n<p><strong>Adjoint \u00e9v\u00e9nementiel<\/strong> : l\u2019op\u00e9ration des 25 myst\u00e8res est un succ\u00e8s et attire dans le centre-ville.<\/p>\n<p>Les ouvertures :<\/p>\n<table style=\"border-collapse: collapse; width: 100%; height: 216px;\">\n<tbody>\n<tr style=\"height: 24px;\">\n<td style=\"width: 50%; height: 24px;\">pr\u00eat \u00e0 porter , articles de sport, chaussures<\/td>\n<td style=\"width: 50%; height: 24px;\">3 janvier, 9 ao\u00fbt, 5 septembre<\/td>\n<\/tr>\n<tr style=\"height: 24px;\">\n<td style=\"width: 50%; height: 24px;\">motoculture<\/td>\n<td style=\"width: 50%; height: 24px;\">21 mars<\/td>\n<\/tr>\n<tr style=\"height: 120px;\">\n<td style=\"width: 50%; height: 120px;\">automobile<\/td>\n<td style=\"width: 50%; height: 120px;\">17 janvier<br \/>\n14 mars<br \/>\n13 juin<br \/>\n19 septembre<br \/>\n17 octobre<\/td>\n<\/tr>\n<tr style=\"height: 24px;\">\n<td style=\"width: 50%; height: 24px;\">tous sauf hypermarch\u00e9s<\/td>\n<td style=\"width: 50%; height: 24px;\">24 janvier<br \/>\n7 f\u00e8vrier<br \/>\n21 juin<br \/>\n5 d\u00e9cembre<\/td>\n<\/tr>\n<tr style=\"height: 24px;\">\n<td style=\"width: 50%; height: 24px;\">Tous<\/td>\n<td style=\"width: 50%; height: 24px;\">12 d\u00e9cembre et 19 d\u00e9cembre<\/td>\n<\/tr>\n<\/tbody>\n<\/table>\n<p><span style=\"color: #008000;\"><strong>RAPPORT N\u00b07<\/strong><\/span><br \/>\n<span style=\"color: #008000;\"><strong>SUBVENTIONS POUR RAVALEMENT DE FACADE<\/strong><\/span><\/p>\n<p><strong>Alternatives<\/strong> : il faut d\u00e9velopper l\u2019information aupr\u00e8s de la population sur ce dispositif<\/p>\n<p><span style=\"color: #008000;\"><strong>QUESTIONS DIVERSES :<\/strong><\/span><\/p>\n<p>Conseils municipaux : les jeudis :<\/p>\n<ul>\n<li>21 janvier<\/li>\n<li>11 f\u00e9vrier<\/li>\n<li>11 mars<\/li>\n<li>8 avril<\/li>\n<li>20 mai<\/li>\n<li>24 juin<\/li>\n<\/ul>\n<p><strong>Maire<\/strong> : il est important de faire un bilan des aides \u00e0 l\u2019activit\u00e9 des entreprises :<\/p>\n<ul>\n<li>2 avril 2020 : exon\u00e9ration de loyers \u00e9conomiques , soit 1800 euros<\/li>\n<li>juin : pas d\u2019appel des droits de place, 6000 euros<\/li>\n<li>abattement de 50 % sur les publicit\u00e9s, 25 000 euros<\/li>\n<li>aide aux restaurants : 7700 euros<\/li>\n<li>fond CMB: 3 euros par habitant pour entreprise en difficult\u00e9. 29 115 euros<\/li>\n<li>26 novembre : le jeu de no\u00ebl soit 5000 euros<\/li>\n<\/ul>\n<p>soit <strong>88 000 euros<\/strong> (sans compter les aides sur march\u00e9 publicit\u00e9s)<\/p>\n<p><strong>adjointe CCAS<\/strong> : point sur le FJT, le cuisinier est test\u00e9 positif. Nous avons fait des tests, avec l\u2019ARS, 4 personnes sur 25 sont positives au Covid. On a demand\u00e9 si on devait fermer, l\u2019ARS a dit non et nous re-testerons le personnel mercredi prochain.<\/p>\n","protected":false},"excerpt":{"rendered":"<p>Les points forts relev\u00e9s par Alternatives (Les acronymes utilis\u00e9s : CMB : Coutances Mer et Bocage CCAS : Centre Communal d&rsquo;Action Sociale C\u00e0C : Coutances \u00e0 Coeur SDEAU : Syndicat D\u00e9partemental de l&rsquo;Eau) L&rsquo;ordre du jour est disponible ici<\/p>\n","protected":false},"author":2,"featured_media":0,"comment_status":"open","ping_status":"open","sticky":false,"template":"","format":"standard","meta":{"inline_featured_image":false,"ocean_post_layout":"","ocean_both_sidebars_style":"","ocean_both_sidebars_content_width":0,"ocean_both_sidebars_sidebars_width":0,"ocean_sidebar":"","ocean_second_sidebar":"","ocean_disable_margins":"enable","ocean_add_body_class":"","ocean_shortcode_before_top_bar":"","ocean_shortcode_after_top_bar":"","ocean_shortcode_before_header":"","ocean_shortcode_after_header":"","ocean_has_shortcode":"","ocean_shortcode_after_title":"","ocean_shortcode_before_footer_widgets":"","ocean_shortcode_after_footer_widgets":"","ocean_shortcode_before_footer_bottom":"","ocean_shortcode_after_footer_bottom":"","ocean_display_top_bar":"default","ocean_display_header":"default","ocean_header_style":"","ocean_center_header_left_menu":"","ocean_custom_header_template":"","ocean_custom_logo":0,"ocean_custom_retina_logo":0,"ocean_custom_logo_max_width":0,"ocean_custom_logo_tablet_max_width":0,"ocean_custom_logo_mobile_max_width":0,"ocean_custom_logo_max_height":0,"ocean_custom_logo_tablet_max_height":0,"ocean_custom_logo_mobile_max_height":0,"ocean_header_custom_menu":"","ocean_menu_typo_font_family":"","ocean_menu_typo_font_subset":"","ocean_menu_typo_font_size":0,"ocean_menu_typo_font_size_tablet":0,"ocean_menu_typo_font_size_mobile":0,"ocean_menu_typo_font_size_unit":"px","ocean_menu_typo_font_weight":"","ocean_menu_typo_font_weight_tablet":"","ocean_menu_typo_font_weight_mobile":"","ocean_menu_typo_transform":"","ocean_menu_typo_transform_tablet":"","ocean_menu_typo_transform_mobile":"","ocean_menu_typo_line_height":0,"ocean_menu_typo_line_height_tablet":0,"ocean_menu_typo_line_height_mobile":0,"ocean_menu_typo_line_height_unit":"","ocean_menu_typo_spacing":0,"ocean_menu_typo_spacing_tablet":0,"ocean_menu_typo_spacing_mobile":0,"ocean_menu_typo_spacing_unit":"","ocean_menu_link_color":"","ocean_menu_link_color_hover":"","ocean_menu_link_color_active":"","ocean_menu_link_background":"","ocean_menu_link_hover_background":"","ocean_menu_link_active_background":"","ocean_menu_social_links_bg":"","ocean_menu_social_hover_links_bg":"","ocean_menu_social_links_color":"","ocean_menu_social_hover_links_color":"","ocean_disable_title":"default","ocean_disable_heading":"default","ocean_post_title":"","ocean_post_subheading":"","ocean_post_title_style":"","ocean_post_title_background_color":"","ocean_post_title_background":0,"ocean_post_title_bg_image_position":"","ocean_post_title_bg_image_attachment":"","ocean_post_title_bg_image_repeat":"","ocean_post_title_bg_image_size":"","ocean_post_title_height":0,"ocean_post_title_bg_overlay":0.5,"ocean_post_title_bg_overlay_color":"","ocean_disable_breadcrumbs":"default","ocean_breadcrumbs_color":"","ocean_breadcrumbs_separator_color":"","ocean_breadcrumbs_links_color":"","ocean_breadcrumbs_links_hover_color":"","ocean_display_footer_widgets":"default","ocean_display_footer_bottom":"default","ocean_custom_footer_template":"","ocean_post_oembed":"","ocean_post_self_hosted_media":"","ocean_post_video_embed":"","ocean_link_format":"","ocean_link_format_target":"self","ocean_quote_format":"","ocean_quote_format_link":"post","ocean_gallery_link_images":"on","ocean_gallery_id":[],"footnotes":""},"categories":[28],"tags":[],"class_list":["post-1443","post","type-post","status-publish","format-standard","hentry","category-2020-cm","entry"],"_links":{"self":[{"href":"http:\/\/alternativescoutances.fr\/index.php\/wp-json\/wp\/v2\/posts\/1443","targetHints":{"allow":["GET"]}}],"collection":[{"href":"http:\/\/alternativescoutances.fr\/index.php\/wp-json\/wp\/v2\/posts"}],"about":[{"href":"http:\/\/alternativescoutances.fr\/index.php\/wp-json\/wp\/v2\/types\/post"}],"author":[{"embeddable":true,"href":"http:\/\/alternativescoutances.fr\/index.php\/wp-json\/wp\/v2\/users\/2"}],"replies":[{"embeddable":true,"href":"http:\/\/alternativescoutances.fr\/index.php\/wp-json\/wp\/v2\/comments?post=1443"}],"version-history":[{"count":6,"href":"http:\/\/alternativescoutances.fr\/index.php\/wp-json\/wp\/v2\/posts\/1443\/revisions"}],"predecessor-version":[{"id":1449,"href":"http:\/\/alternativescoutances.fr\/index.php\/wp-json\/wp\/v2\/posts\/1443\/revisions\/1449"}],"wp:attachment":[{"href":"http:\/\/alternativescoutances.fr\/index.php\/wp-json\/wp\/v2\/media?parent=1443"}],"wp:term":[{"taxonomy":"category","embeddable":true,"href":"http:\/\/alternativescoutances.fr\/index.php\/wp-json\/wp\/v2\/categories?post=1443"},{"taxonomy":"post_tag","embeddable":true,"href":"http:\/\/alternativescoutances.fr\/index.php\/wp-json\/wp\/v2\/tags?post=1443"}],"curies":[{"name":"wp","href":"https:\/\/api.w.org\/{rel}","templated":true}]}}