{"id":1577,"date":"2021-03-08T15:56:58","date_gmt":"2021-03-08T14:56:58","guid":{"rendered":"http:\/\/alternativescoutances.fr\/?p=1577"},"modified":"2021-03-15T15:59:15","modified_gmt":"2021-03-15T14:59:15","slug":"compte-rendu-commission-cmb-dechets-28-01-2021","status":"publish","type":"post","link":"http:\/\/alternativescoutances.fr\/index.php\/2021\/03\/08\/compte-rendu-commission-cmb-dechets-28-01-2021\/","title":{"rendered":"Compte-rendu commission CMB \u00ab\u00a0D\u00e9chets\u00a0\u00bb 28-01-2021"},"content":{"rendered":"<p><img loading=\"lazy\" decoding=\"async\" class=\"size-thumbnail wp-image-1579 alignleft\" src=\"http:\/\/alternativescoutances.fr\/wp-content\/uploads\/2021\/03\/AIG3023357-150x150.jpg\" alt=\"\" width=\"150\" height=\"150\" srcset=\"http:\/\/alternativescoutances.fr\/wp-content\/uploads\/2021\/03\/AIG3023357-150x150.jpg 150w, http:\/\/alternativescoutances.fr\/wp-content\/uploads\/2021\/03\/AIG3023357.jpg 250w\" sizes=\"auto, (max-width: 150px) 100vw, 150px\" \/>COMMISSION DECHETS<br \/>\nJeudi 28 janvier 2021 \u00e0 18 heures<br \/>\nP\u00f4le de St Malo de la Lande<!--more--><\/p>\n<p>Pr\u00e9sents : E. AOUATE, H.BARBARIN, E.BOUILLON, C.CLEMENT, N.DYTRYCH, P.EDINE, P.GERVAISE C.GOUX, S.GRANDIN, H.GUILLE, H.GUILLOTTE, Y.HEBERT, M.HEDOUIN, C.HENNEQUIN, G.JOUANNO,D.LAURENT, Y.LECHEVALLIER, P.LEMAITRE, E.LEPERCHOIS, J.-L.LESAULNIER, V.PARIS, J.-P.PERRODIN,\u00a0 J.PEZERIL, S.PIGNET, G.PITOIS, P.REGNAULT, G.RENOUF, D.SIMEON, P.VOGT.<\/p>\n<p>Absents : P.BARBET, C.CAMBLIN, F.DELIVERT, B.DURAND, S.HARDY (excus\u00e9), I.JACQUET (excus\u00e9e),<br \/>\nR.JARDIN, J.-P. K\u2019DUAL, S.LARBI, F.LECERF, D.LEFRANC, M.-L.MARTIN, S.PERRON (excus\u00e9), F.QUESNEL, P.QUINETTE, J.-B.RAULT, J.-C.RIPERT, R.SAUSSAYE, Y.TINARD (excus\u00e9).<\/p>\n<p>D\u00e9chetterie et quai de transfert de Gratot<br \/>\nPierre VOGT souligne que la d\u00e9chetterie de Gratot est largement sous-dimensionn\u00e9e et satur\u00e9e et que ce dossier est prioritaire.<br \/>\nIl rappelle que, la collectivit\u00e9 ne disposant sur son territoire ni d\u2019installation de traitement des ordures m\u00e9nag\u00e8res r\u00e9siduelles ni de centre de tri, il doit n\u00e9cessairement y avoir une rupture de charge dans le<br \/>\ntransport de ces mati\u00e8res.<br \/>\nActuellement 2 sites sont utilis\u00e9s :<br \/>\n\u2022 Le Mesnil-Aubert (propri\u00e9t\u00e9 du syndicat de la Perrelle) pour les ordures m\u00e9nag\u00e8res du secteur Perrelle, et depuis l\u2019incendie du centre de tri de Donville les Bains, pour les emballages.<br \/>\n\u2022 Gratot pour les ordures m\u00e9nag\u00e8res des secteurs Coutances et St Malo et les emballages collect\u00e9s en porte \u00e0 porte sur la ville de Coutances.<\/p>\n<p>Dans l\u2019avenir, le flux d&#8217;emballages \u00e0 transf\u00e9rer comprendra notamment les emballages qui partiront vers Normantri.<br \/>\nCoutances mer et bocage doit choisir le ou les lieu(x) de rupture de charge qu\u2019elle souhaite maintenir.<\/p>\n<p>Si le Mesnil-Aubert en fait partie, c\u2019est un \u00e9l\u00e9ment qui doit entrer dans la n\u00e9gociation avec Granville terre et mer lors de la dissolution du syndicat de la Perrelle.<br \/>\nUne \u00e9tude va \u00eatre rapidement lanc\u00e9e pour aider \u00e0 la prise de d\u00e9cision.La commune de Gratot serait d\u2019accord pour continuer \u00e0 louer \u00e0 Coutances mer et bocage les 2 parcelles de la d\u00e9chetterie et de l\u2019ancienne plateforme de compostage.<br \/>\nSi un quai de transfert doit \u00eatre maintenu \u00e0 Gratot, les 2 activit\u00e9s devront \u00eatre s\u00e9par\u00e9es.<\/p>\n<p>S\u00e9bastien GRANDIN consid\u00e8re que le site du Mesnil-Aubert pourrait continuer \u00e0 \u00eatre utilis\u00e9 par les deux communaut\u00e9s de communes.<br \/>\nPierre VOGT pr\u00e9cise que le Mesnil-Aubert est au barycentre du territoire du syndicat de la Perrelle tandis que Gratot est plus proche du barycentre de Coutances mer et bocage. Il consid\u00e8re qu\u2019il est peu<br \/>\nprobable qu\u2019un seul site \u00e0 Gratot soit plus rentable que d\u2019en avoir deux.<br \/>\nHerv\u00e9 GUILLE rappelle que la charge d\u2019emprunt du Mesnil-Aubert se termine cette ann\u00e9e et pr\u00e9cise que la Perrelle est propri\u00e9taire non seulement du site, mais \u00e9galement du mat\u00e9riel hydraulique.<br \/>\nLa conception devra tenir compte de la n\u00e9cessit\u00e9 de continuit\u00e9 du service pendant les travaux.<br \/>\nDans le cadre des r\u00e9flexions sur le devenir du syndicat mixte du Point Fort, il est demand\u00e9 si une r\u00e9trocession des d\u00e9chetteries aux communaut\u00e9s de communes est envisag\u00e9e. Pierre VOGT r\u00e9pond qu\u2019aucune d\u00e9cision n\u2019est prise \u00e0 ce stade. Il lui semble opportun de conserver une d\u00e9chetterie \u00e0 St Sauveur Villages.<\/p>\n<p>Concernant les trois d\u00e9chetteries de la Perrelle, celle de Hyenville est satisfaisante, celle d\u2019Ouville n\u00e9cessiterait quelques am\u00e9nagements et celle de Gavray n\u2019a pas d\u2019\u00e9lectricit\u00e9.<br \/>\nPierre VOGT estime le montant des pr\u00e9-\u00e9tudes concernant Gratot \u00e0 50 000 \u20ac et \u00e0 100 000 \u20ac pour la ma\u00eetrise d&rsquo;\u0153uvre et les \u00e9tudes connexes.<br \/>\nA la question d\u2019Hubert GUILLOTTE de savoir si ces \u00e9tudes seront men\u00e9es en interne ou par des bureaux d\u2019\u00e9tudes, Pierre VOGT r\u00e9pond que les pr\u00e9-\u00e9tudes pourraient \u00e9ventuellement \u00eatre faites en interne, dans la mesure o\u00f9 elles ne requi\u00e8rent pas une grande technicit\u00e9, mais du temps. Les suivantes seront n\u00e9cessairement confi\u00e9es \u00e0 un bureau d\u2019\u00e9tudes.<\/p>\n<p>Yoann LECHEVALIER demande quel rendu est attendu des pr\u00e9-\u00e9tudes. Pierre VOGT r\u00e9pond qu\u2019il s\u2019agit du dossier de consultation des concepteurs.<br \/>\nL\u2019objectif est d\u2019attribuer le march\u00e9 de ma\u00eetrise d\u2019\u0153uvre fin 2021.<\/p>\n<p>Programme de cr\u00e9ation de points d\u2019apport volontaire (PAV) enterr\u00e9s<br \/>\nPierre VOGT rappelle qu\u2019au 31 d\u00e9cembre 2022 l\u2019extension des consignes de tri \u00e0 l\u2019ensemble des emballages plastique (films, barquettes, pots de yaourts, &#8230;) devra \u00eatre effective sur l\u2019ensemble du territoire fran\u00e7ais. Aujourd\u2019hui dans les collectivit\u00e9s o\u00f9 cela n\u2019est pas en place, seuls les flaconnages en plastiques sont collect\u00e9s. Les quantit\u00e9s vont donc augmenter, surtout en volume.<br \/>\nLe parc de conteneurs est d\u00e9j\u00e0 en sous-capacit\u00e9 sur le secteur de l\u2019ex-SITOM. Il va falloir l\u2019augmenter, notamment par la cr\u00e9ation de PAV enterr\u00e9s dans les communes qui le souhaitent.<br \/>\nS\u00e9bastien GRANDIN demande que la solution d\u2019une collecte en porte \u00e0 porte des emballages soit \u00e9galement \u00e9tudi\u00e9e. Et que l\u2019on profite du retour d\u2019exp\u00e9rience des collectivit\u00e9s qui l\u2019ont exp\u00e9riment\u00e9e, notamment la communaut\u00e9 de communes C\u00f4te ouest centre Manche.<br \/>\nCorinne CLEMENT rappelle que l\u2019extension des consignes de tri va permettre d\u2019uniformiser les consignes sur tout le territoire fran\u00e7ais. L\u2019apport volontaire n\u00e9cessite une plus grande responsabilisation des habitants. Elle souligne cependant que le plus important est la r\u00e9duction des d\u00e9chets et que le travail sur la pr\u00e9vention reste insuffisant.<br \/>\nPierre VOGT consid\u00e8re que le porte \u00e0 porte peut \u00eatre rentable en zone urbaine mais que c\u2019est une aberration en zone rurale.<br \/>\nHerv\u00e9 GUILLE ajoute que la probl\u00e9matique n\u2019est pas la m\u00eame sur la c\u00f4te et en milieu rural.<br \/>\nPierre VOGT rappelle que Coutances mer et bocage a d\u00e9j\u00e0 de bonnes performances de tri et que les usagers ont de bonnes connaissances des consignes de tri.<br \/>\nPierre EDINE sugg\u00e8re d\u2019acheter un camion bi-compartiment\u00e9 pour collecter en m\u00eame temps les ordures m\u00e9nag\u00e8res et le tri.<br \/>\nPierre VOGT pense que cette solution, qui peut \u00eatre rentable pour des circuits tr\u00e8s longs, sans d\u00e9chargement interm\u00e9diaire des bennes de collecte ne trouverait pas particuli\u00e8rement d&rsquo;int\u00e9r\u00eat sur notre territoire puisque le nombre de d\u00e9chargements serait encore augment\u00e9.<br \/>\nPierre VOGT \u00e9voque une exp\u00e9rimentation qu\u2019il souhaiterait mettre en place : il s\u2019agit d\u2019une solution interm\u00e9diaire pour la collecte des ordures m\u00e9nag\u00e8res des communes littorales par la mise en place, dans un lieu \u00e0 d\u00e9finir, d\u2019une benne compactrice qui permettrait aux r\u00e9sidents de d\u00e9poser leurs sacs en partant.<br \/>\nCe type d\u2019\u00e9quipement est en place notamment \u00e0 St Malo intra muros.<br \/>\nUne exp\u00e9rimentation pourrait \u00eatre faite par le biais d\u2019une location qu\u2019il conviendrait de pr\u00e9voir au\u00a0 budget.<br \/>\nYoann LECHEVALLIER demande qui est la cible et quels sont les objectifs.<br \/>\nPierre VOGT lui r\u00e9pond que ce sont les r\u00e9sidents secondaires qui sont vis\u00e9s avec pour objectif qu\u2019il y ait moins de sacs poubelles \u00e0 tra\u00eener dans les communes littorales entre leur d\u00e9part et le jour de la collecte.<br \/>\nLa question de la fourniture de bacs de collecte aux usagers est \u00e9voqu\u00e9e. Certaines communes, sur le territoire du syndicat de la Perrelle sont d\u00e9j\u00e0 \u00e9quip\u00e9es.<br \/>\nPierre VOGT pr\u00e9cise que les tr\u00e9soriers ne sont pas tous d\u2019accord sur la collectivit\u00e9 \u00e0 laquelle incombe le financement de cet \u00e9quipement, commune ou communaut\u00e9 de communes.<br \/>\nCorinne CLEMENT sugg\u00e8re la fourniture de composteurs.<br \/>\nPierre VOGT indique que cela s\u2019est d\u00e9j\u00e0 fait au syndicat de la Perrelle. Herv\u00e9 GUILLE pr\u00e9cise que cela existe toujours.<br \/>\nLa Communaut\u00e9 de Bocage Coutan\u00e7ais en a \u00e9galement distribu\u00e9.<br \/>\nCorinne CLEMENT propose \u00e9galement la mise en place de composteurs collectifs, tout en pr\u00e9cisant que cela n\u00e9cessite de former les utilisateurs.<br \/>\nEmmanuelle BOUILLON consid\u00e8re que ce type d\u2019action doit s\u2019accompagner de \u00ab temps forts \u00bb \u00e0 organiser, par exemple en partenariat avec l\u2019association AVRIL.Pierre VOGT propose d\u2019inscrire au budget 2021 la mise en place de 14 conteneurs enterr\u00e9s sur le territoire de l\u2019ancien SITOM.<br \/>\nLeur financement sera assur\u00e9 par Coutances mer et bocage \u00e0 l\u2019exception de l\u2019am\u00e9nagement des abords qui reste \u00e0 la charge de la commune.<br \/>\nHubert GUILLOTTE indique qu\u2019Agon Coutainville se portera candidate.<br \/>\nCorinne CLEMENT demande qui va financer la mise en place de conteneurs enterr\u00e9s dans le cadre de la restructuration du quartier Claires-Fontaines \u00e0 Coutances.<br \/>\nPierre VOGT indique que normalement dans les copropri\u00e9t\u00e9s ce sont les propri\u00e9taires qui financent les bacs de regroupement et leur gestion mais que le cas de Claires-Fontaines, qui est diff\u00e9rent, peut \u00eatre sp\u00e9cifiquement \u00e9tudi\u00e9.<\/p>\n<p>Financement de la collecte et du traitement des d\u00e9chets de jardinage Pierre VOGT consid\u00e8re qu\u2019il doit s\u2019agir d\u2019un financement individuel par les seuls b\u00e9n\u00e9ficiaires et non d\u2019un financement collectif via la taxe.<br \/>\nCela pourrait passer par exemple par la vente de sacs \u00e0 utiliser obligatoirement.<br \/>\nLes apports \u00e0 la d\u00e9chetterie devront \u00e9galement \u00eatre payants.<br \/>\nIl souhaite que les habitants privil\u00e9gient les esp\u00e8ces \u00e0 croissance lente.<br \/>\nCela doit passer par de la sensibilisation.<br \/>\nChristian GOUX pr\u00e9cise que cela existe dans le PLUi.<br \/>\nYoann LECHEVALIER demande si l\u2019amiante sera de nouveau prochainement accept\u00e9e \u00e0 Gratot.<br \/>\nPierre VOGT indique qu\u2019\u00e0 terme au moins une d\u00e9chetterie du territoire devra accepter l\u2019amiante film\u00e9e. Cependant il ne peut pas donner de r\u00e9ponse en termes de d\u00e9lais.<br \/>\nPierre VOGT propose que la prochaine r\u00e9union soit consacr\u00e9e \u00e0 la communication ainsi qu\u2019\u00e0 la comparaison des co\u00fbts entre la collecte en porte \u00e0 porte et la collecte en apport volontaire.<\/p>\n<p><em><strong>R\u00e9daction : Estelle Le Caplain \u2013 1 er mars 2021<\/strong><\/em><br \/>\n<em><strong>Validation : Pierre Vogt \u2013 11 mars 2021<\/strong><\/em><\/p>\n","protected":false},"excerpt":{"rendered":"<p>COMMISSION DECHETS Jeudi 28 janvier 2021 \u00e0 18 heures P\u00f4le de St Malo de la Lande<\/p>\n","protected":false},"author":2,"featured_media":0,"comment_status":"open","ping_status":"open","sticky":false,"template":"","format":"standard","meta":{"inline_featured_image":false,"ocean_post_layout":"","ocean_both_sidebars_style":"","ocean_both_sidebars_content_width":0,"ocean_both_sidebars_sidebars_width":0,"ocean_sidebar":"","ocean_second_sidebar":"","ocean_disable_margins":"enable","ocean_add_body_class":"","ocean_shortcode_before_top_bar":"","ocean_shortcode_after_top_bar":"","ocean_shortcode_before_header":"","ocean_shortcode_after_header":"","ocean_has_shortcode":"","ocean_shortcode_after_title":"","ocean_shortcode_before_footer_widgets":"","ocean_shortcode_after_footer_widgets":"","ocean_shortcode_before_footer_bottom":"","ocean_shortcode_after_footer_bottom":"","ocean_display_top_bar":"default","ocean_display_header":"default","ocean_header_style":"","ocean_center_header_left_menu":"","ocean_custom_header_template":"","ocean_custom_logo":0,"ocean_custom_retina_logo":0,"ocean_custom_logo_max_width":0,"ocean_custom_logo_tablet_max_width":0,"ocean_custom_logo_mobile_max_width":0,"ocean_custom_logo_max_height":0,"ocean_custom_logo_tablet_max_height":0,"ocean_custom_logo_mobile_max_height":0,"ocean_header_custom_menu":"","ocean_menu_typo_font_family":"","ocean_menu_typo_font_subset":"","ocean_menu_typo_font_size":0,"ocean_menu_typo_font_size_tablet":0,"ocean_menu_typo_font_size_mobile":0,"ocean_menu_typo_font_size_unit":"px","ocean_menu_typo_font_weight":"","ocean_menu_typo_font_weight_tablet":"","ocean_menu_typo_font_weight_mobile":"","ocean_menu_typo_transform":"","ocean_menu_typo_transform_tablet":"","ocean_menu_typo_transform_mobile":"","ocean_menu_typo_line_height":0,"ocean_menu_typo_line_height_tablet":0,"ocean_menu_typo_line_height_mobile":0,"ocean_menu_typo_line_height_unit":"","ocean_menu_typo_spacing":0,"ocean_menu_typo_spacing_tablet":0,"ocean_menu_typo_spacing_mobile":0,"ocean_menu_typo_spacing_unit":"","ocean_menu_link_color":"","ocean_menu_link_color_hover":"","ocean_menu_link_color_active":"","ocean_menu_link_background":"","ocean_menu_link_hover_background":"","ocean_menu_link_active_background":"","ocean_menu_social_links_bg":"","ocean_menu_social_hover_links_bg":"","ocean_menu_social_links_color":"","ocean_menu_social_hover_links_color":"","ocean_disable_title":"default","ocean_disable_heading":"default","ocean_post_title":"","ocean_post_subheading":"","ocean_post_title_style":"","ocean_post_title_background_color":"","ocean_post_title_background":0,"ocean_post_title_bg_image_position":"","ocean_post_title_bg_image_attachment":"","ocean_post_title_bg_image_repeat":"","ocean_post_title_bg_image_size":"","ocean_post_title_height":0,"ocean_post_title_bg_overlay":0.5,"ocean_post_title_bg_overlay_color":"","ocean_disable_breadcrumbs":"default","ocean_breadcrumbs_color":"","ocean_breadcrumbs_separator_color":"","ocean_breadcrumbs_links_color":"","ocean_breadcrumbs_links_hover_color":"","ocean_display_footer_widgets":"default","ocean_display_footer_bottom":"default","ocean_custom_footer_template":"","ocean_post_oembed":"","ocean_post_self_hosted_media":"","ocean_post_video_embed":"","ocean_link_format":"","ocean_link_format_target":"self","ocean_quote_format":"","ocean_quote_format_link":"post","ocean_gallery_link_images":"on","ocean_gallery_id":[],"footnotes":""},"categories":[31],"tags":[],"class_list":["post-1577","post","type-post","status-publish","format-standard","hentry","category-commissions-cmb","entry"],"_links":{"self":[{"href":"http:\/\/alternativescoutances.fr\/index.php\/wp-json\/wp\/v2\/posts\/1577","targetHints":{"allow":["GET"]}}],"collection":[{"href":"http:\/\/alternativescoutances.fr\/index.php\/wp-json\/wp\/v2\/posts"}],"about":[{"href":"http:\/\/alternativescoutances.fr\/index.php\/wp-json\/wp\/v2\/types\/post"}],"author":[{"embeddable":true,"href":"http:\/\/alternativescoutances.fr\/index.php\/wp-json\/wp\/v2\/users\/2"}],"replies":[{"embeddable":true,"href":"http:\/\/alternativescoutances.fr\/index.php\/wp-json\/wp\/v2\/comments?post=1577"}],"version-history":[{"count":3,"href":"http:\/\/alternativescoutances.fr\/index.php\/wp-json\/wp\/v2\/posts\/1577\/revisions"}],"predecessor-version":[{"id":1581,"href":"http:\/\/alternativescoutances.fr\/index.php\/wp-json\/wp\/v2\/posts\/1577\/revisions\/1581"}],"wp:attachment":[{"href":"http:\/\/alternativescoutances.fr\/index.php\/wp-json\/wp\/v2\/media?parent=1577"}],"wp:term":[{"taxonomy":"category","embeddable":true,"href":"http:\/\/alternativescoutances.fr\/index.php\/wp-json\/wp\/v2\/categories?post=1577"},{"taxonomy":"post_tag","embeddable":true,"href":"http:\/\/alternativescoutances.fr\/index.php\/wp-json\/wp\/v2\/tags?post=1577"}],"curies":[{"name":"wp","href":"https:\/\/api.w.org\/{rel}","templated":true}]}}