{"id":2107,"date":"2021-12-01T20:05:45","date_gmt":"2021-12-01T19:05:45","guid":{"rendered":"http:\/\/alternativescoutances.fr\/?p=2107"},"modified":"2021-12-01T22:42:37","modified_gmt":"2021-12-01T21:42:37","slug":"reaction-aux-propos-de-m-leperchois-dans-la-manche-libre-25-11-2021","status":"publish","type":"post","link":"http:\/\/alternativescoutances.fr\/index.php\/2021\/12\/01\/reaction-aux-propos-de-m-leperchois-dans-la-manche-libre-25-11-2021\/","title":{"rendered":"R\u00e9action aux propos de M. Leperchois dans la Manche-Libre (25-11-2021)"},"content":{"rendered":"<p>&nbsp;<\/p>\n<p align=\"justify\"><span style=\"color: #000000; font-family: georgia, palatino, serif; font-size: 12pt;\">Suite \u00e0 l&rsquo;article de la Manche Libre, sur l&rsquo;intervention de notre groupe contre la subvention attribu\u00e9e \u00e0 la soir\u00e9e des Miss, nous souhaitons d\u2019abord r\u00e9affirmer qu\u2019il nous est normalement encore permis d\u2019exprimer notre point de vue notamment en tant qu\u2019opposition dans un conseil municipal.<\/span><!--more--><\/p>\n<p><span style=\"color: #000000; font-family: georgia, palatino, serif; font-size: 12pt;\">Rappelons d\u2019ailleurs, qu\u2019un vrai d\u00e9bat d\u00e9mocratique a eu lieu en conseil communautaire (CMB) entra\u00eenant un grand nombre d\u2019abstentions (18 et 4 contre), fait rare dans cette assembl\u00e9e.<\/span><\/p>\n<p><span style=\"font-family: georgia, palatino, serif; font-size: 12pt;\"><span style=\"color: #000000;\">Sur le fond, nous nous sommes d\u00e9j\u00e0 exprim\u00e9s. Ce spectacle fut un succ\u00e8s avec un tr\u00e8s grand nombre de r\u00e9servations, <span style=\"text-decoration: none;\">c\u2019est un fait. <\/span><span style=\"text-decoration: none;\">Mais nous tenons \u00e0 redire qu\u2019il <\/span>ne correspond pas \u00e0 la vision du f\u00e9minisme que nous d\u00e9fendons. Nous ne tomberons pas d\u2019accord sur ce point, dont acte. <\/span><span style=\"color: #000000;\">Le f\u00e9minisme repr\u00e9sente pour nous un progr\u00e8s social, et, selon nous, ne s\u2019exerce pas \u00e0 travers des actions qui commencent par exclure la grande majorit\u00e9 des femmes notamment sur leur physique.<\/span><\/span><\/p>\n<p><span style=\"font-family: georgia, palatino, serif; font-size: 12pt;\"><span style=\"color: #000000;\"><span style=\"background: #ffffff;\">Sur la forme, <\/span><span style=\"background: #ffffff;\">notre propos est tr\u00e8s clair\u00a0: <\/span><span style=\"background: #ffffff;\">les \u00e9lus Alternatives et d\u2019autres \u00e9lus de la CMB ont totalement jou\u00e9 leur r\u00f4le : s\u2019assurer que les imp\u00f4ts des habitants sont utilis\u00e9s \u00e0 bon escient. Que finance r\u00e9ellement ce<\/span><span style=\"background: #ffffff;\">tte<\/span><span style=\"background: #ffffff;\"> subvention<\/span> <span style=\"background: #ffffff;\">? <\/span><span style=\"background: #ffffff;\">S\u2019il semble que 3<\/span><span style=\"background: #ffffff;\">000\u20ac sur 130 000\u20ac de budget ne devraient pas poser de question, si c\u2019est si insignifiant, pourquoi donc en <\/span><span style=\"background: #ffffff;\">faire <\/span><span style=\"background: #ffffff;\">la demande\u00a0?<\/span> <span style=\"background: #ffffff;\">Les \u00e9lus d\u2019opposition n\u2019auraient-ils pas le droit de savoir \u00e0 quoi sert l\u2019argent public \u00e0 l\u2019heure o\u00f9 on nous r\u00e9pond souvent qu\u2019il n\u2019y a pas d\u2019argent\u00a0? A ce jour, nous ne connaissons toujours pas les raisons justifiant ces subventions. <\/span><\/span> <\/span><\/p>\n<p><span style=\"font-family: georgia, palatino, serif; font-size: 12pt;\"><span style=\"color: #000000;\"><span style=\"background: #ffffff;\">Les dossiers de demande <\/span><span style=\"background: #ffffff;\">de subventions<\/span><span style=\"background: #ffffff;\"> pour les associations sont tr\u00e8s exigeants pour les b\u00e9n\u00e9voles qui les remplissent. <\/span><span style=\"text-decoration: none;\"><span style=\"background: #ffffff;\">U<\/span><\/span><span style=\"text-decoration: none;\"><span style=\"background: #ffffff;\">ne<\/span><\/span><span style=\"background: #ffffff;\"> commission attribue <\/span><span style=\"background: #ffffff;\">c<\/span><span style=\"background: #ffffff;\">es subventions au regard <\/span><span style=\"background: #ffffff;\">d<\/span><span style=\"background: #ffffff;\">es \u00e9l\u00e9ments <\/span><span style=\"background: #ffffff;\">demand\u00e9s<\/span><span style=\"background: #ffffff;\">. Nous n\u2019acceptons pas <\/span><span style=\"background: #ffffff;\">(<\/span><span style=\"background: #ffffff;\">et au fond c\u2019est bien cela que l\u2019on nous reproche<\/span><span style=\"background: #ffffff;\">)<\/span> <span style=\"background: #ffffff;\">d<\/span><span style=\"background: #ffffff;\">e voter u<\/span><span style=\"background: #ffffff;\">ne subvention sans aucune donn\u00e9e<\/span><span style=\"background: #ffffff;\">.<\/span><\/span><\/span><br \/>\n<span style=\"font-family: georgia, palatino, serif; font-size: 12pt;\"><span style=\"color: #000000;\"><span style=\"background: #ffffff;\">N<\/span><span style=\"background: #ffffff;\">ous attendons toujours de pouvoir consulter, comme pour n\u2019importe quelle association, le budget pr\u00e9visionnel qui doit nous aider \u00e0 d\u00e9terminer si nous devons accorder une subvention,<\/span><\/span><\/span><br \/>\n<span style=\"font-family: georgia, palatino, serif; font-size: 12pt;\"><span style=\"color: #000000;\"><span style=\"background: #ffffff;\">L\u2019\u00e9quit\u00e9 n\u2019est <\/span><span style=\"background: #ffffff;\">donc <\/span><span style=\"background: #ffffff;\">pas respect\u00e9e. L\u2019\u00e9galit\u00e9 de traitement non plus. <\/span><\/span> <\/span><\/p>\n<p><span style=\"font-family: georgia, palatino, serif; font-size: 12pt;\"> <span style=\"color: #000000;\"><span style=\"background: #ffffff;\"><span style=\"text-decoration: none;\">Nous notons le fait que M. Debray se soit engag\u00e9 \u00e0 d\u00e9sormais r\u00e9gir cette subvention par une convention et esp\u00e9rons que la CMB en fera de m\u00eame. <\/span><span style=\"text-decoration: none;\">Car l<\/span>a droite locale loue souvent les partenariats avec le priv\u00e9. \u00c9trangement, elle ne rechigne pas \u00e0 soutenir l\u2019apport de l\u2019argent public en m\u00eame temps qu\u2019elle parle de baisse de la d\u00e9pense publique. Quelle ironie\u00a0! Soyez certain d\u2019une chose\u00a0: ce discours aurait \u00e9t\u00e9 le m\u00eame pour <i>une foire,<\/i> ou une f\u00eate de l\u2019Humanit\u00e9 locale\u00a0! <\/span><\/span> <\/span><\/p>\n<p><span style=\"font-family: georgia, palatino, serif; font-size: 12pt;\"><span style=\"color: #000000;\">Alors oui, nous sommes de gauche comme M. Leperchois le dit. \u00ab\u00a0Bien pensants\u00a0\u00bb (notons au passage le jugement de valeur), nous ne savons pas , mais nous faisons de notre mieux pour d\u00e9fendre nos valeurs r\u00e9publicaines. <\/span> <\/span><br \/>\n<span style=\"font-family: georgia, palatino, serif; font-size: 12pt;\"><span style=\"color: #000000;\"><strong>Libert\u00e9<\/strong>, car nous n\u2019appelons pas \u00e0 interdire ce que nous ne soutenons pas. <\/span> <\/span><br \/>\n<span style=\"font-family: georgia, palatino, serif; font-size: 12pt;\"><span style=\"color: #000000;\"><strong>\u00c9galit\u00e9<\/strong>, car toutes nos associations devraient avoir droit au m\u00eame traitement. <\/span> <\/span><br \/>\n<span style=\"font-family: georgia, palatino, serif; font-size: 12pt;\"><span style=\"color: #000000;\"><strong>Fraternit\u00e9<\/strong>, car l\u2019argent public devrait \u00eatre r\u00e9serv\u00e9 \u00e0 ceux qui en ont le plus besoin. <\/span> <\/span><\/p>\n<p><span style=\"font-family: georgia, palatino, serif; font-size: 12pt;\"><span style=\"color: #000000;\"><span style=\"text-decoration: none;\">Enfin <\/span>parce que nous portons un projet politique, nous sommes souvent l\u00e0 pour manifester, c\u2019est vrai. Mais il y a tellement de droits \u00e0 d\u00e9fendre, tellement d\u2019urgences \u00e0 traiter, sociale, \u00e9cologique et d\u00e9mocratique en premier lieu. C\u2019est un autre point de divergence\u00a0: quand nous manifestons pour d\u00e9fendre les droits humains et notre plan\u00e8te, d\u2019autres nous critiquent et pr\u00e9f\u00e8rent le repli sur soi, <span style=\"text-decoration: none;\">ou<\/span> le profit et pr\u00f4nent la m\u00e9ritocratie et l\u2019individualisme au d\u00e9triment de l\u2019int\u00e9r\u00eat collectif.<\/span><\/span><\/p>\n<p align=\"justify\"><span style=\"font-family: georgia, palatino, serif; font-size: 12pt;\"><span style=\"color: #000000;\">Coutances est bien loin d\u2019\u00eatre une belle endormie. Elle est une petite ville dynamique culturellement, sportivement, et au niveau associatif, gr\u00e2ce aussi \u00e0 l\u2019engagement de nombreux b\u00e9n\u00e9voles qui font vivre la cit\u00e9 au quotidien.<\/span><\/span><br \/>\n<span style=\"font-family: georgia, palatino, serif; font-size: 12pt;\"><span style=\"color: #000000;\">En prenant position, le moins que l\u2019on puisse dire est que nous avons r\u00e9veill\u00e9 le d\u00e9bat d\u00e9mocratique\u00a0: un de nos projet de campagne que nous continuerons de mener.<\/span><\/span><\/p>\n","protected":false},"excerpt":{"rendered":"<p>&nbsp; Suite \u00e0 l&rsquo;article de la Manche Libre, sur l&rsquo;intervention de notre groupe contre la subvention attribu\u00e9e \u00e0 la soir\u00e9e des Miss, nous souhaitons d\u2019abord r\u00e9affirmer qu\u2019il nous est normalement encore permis d\u2019exprimer notre point de vue notamment en tant qu\u2019opposition dans un conseil municipal.<\/p>\n","protected":false},"author":2,"featured_media":462,"comment_status":"open","ping_status":"open","sticky":false,"template":"","format":"standard","meta":{"inline_featured_image":false,"ocean_post_layout":"","ocean_both_sidebars_style":"","ocean_both_sidebars_content_width":0,"ocean_both_sidebars_sidebars_width":0,"ocean_sidebar":"","ocean_second_sidebar":"","ocean_disable_margins":"enable","ocean_add_body_class":"","ocean_shortcode_before_top_bar":"","ocean_shortcode_after_top_bar":"","ocean_shortcode_before_header":"","ocean_shortcode_after_header":"","ocean_has_shortcode":"","ocean_shortcode_after_title":"","ocean_shortcode_before_footer_widgets":"","ocean_shortcode_after_footer_widgets":"","ocean_shortcode_before_footer_bottom":"","ocean_shortcode_after_footer_bottom":"","ocean_display_top_bar":"default","ocean_display_header":"default","ocean_header_style":"","ocean_center_header_left_menu":"","ocean_custom_header_template":"","ocean_custom_logo":0,"ocean_custom_retina_logo":0,"ocean_custom_logo_max_width":0,"ocean_custom_logo_tablet_max_width":0,"ocean_custom_logo_mobile_max_width":0,"ocean_custom_logo_max_height":0,"ocean_custom_logo_tablet_max_height":0,"ocean_custom_logo_mobile_max_height":0,"ocean_header_custom_menu":"","ocean_menu_typo_font_family":"","ocean_menu_typo_font_subset":"","ocean_menu_typo_font_size":0,"ocean_menu_typo_font_size_tablet":0,"ocean_menu_typo_font_size_mobile":0,"ocean_menu_typo_font_size_unit":"px","ocean_menu_typo_font_weight":"","ocean_menu_typo_font_weight_tablet":"","ocean_menu_typo_font_weight_mobile":"","ocean_menu_typo_transform":"","ocean_menu_typo_transform_tablet":"","ocean_menu_typo_transform_mobile":"","ocean_menu_typo_line_height":0,"ocean_menu_typo_line_height_tablet":0,"ocean_menu_typo_line_height_mobile":0,"ocean_menu_typo_line_height_unit":"","ocean_menu_typo_spacing":0,"ocean_menu_typo_spacing_tablet":0,"ocean_menu_typo_spacing_mobile":0,"ocean_menu_typo_spacing_unit":"","ocean_menu_link_color":"","ocean_menu_link_color_hover":"","ocean_menu_link_color_active":"","ocean_menu_link_background":"","ocean_menu_link_hover_background":"","ocean_menu_link_active_background":"","ocean_menu_social_links_bg":"","ocean_menu_social_hover_links_bg":"","ocean_menu_social_links_color":"","ocean_menu_social_hover_links_color":"","ocean_disable_title":"default","ocean_disable_heading":"default","ocean_post_title":"","ocean_post_subheading":"","ocean_post_title_style":"","ocean_post_title_background_color":"","ocean_post_title_background":0,"ocean_post_title_bg_image_position":"","ocean_post_title_bg_image_attachment":"","ocean_post_title_bg_image_repeat":"","ocean_post_title_bg_image_size":"","ocean_post_title_height":0,"ocean_post_title_bg_overlay":0.5,"ocean_post_title_bg_overlay_color":"","ocean_disable_breadcrumbs":"default","ocean_breadcrumbs_color":"","ocean_breadcrumbs_separator_color":"","ocean_breadcrumbs_links_color":"","ocean_breadcrumbs_links_hover_color":"","ocean_display_footer_widgets":"default","ocean_display_footer_bottom":"default","ocean_custom_footer_template":"","ocean_post_oembed":"","ocean_post_self_hosted_media":"","ocean_post_video_embed":"","ocean_link_format":"","ocean_link_format_target":"self","ocean_quote_format":"","ocean_quote_format_link":"post","ocean_gallery_link_images":"on","ocean_gallery_id":[],"footnotes":""},"categories":[1],"tags":[],"class_list":["post-2107","post","type-post","status-publish","format-standard","has-post-thumbnail","hentry","category-non-classe","entry","has-media"],"_links":{"self":[{"href":"http:\/\/alternativescoutances.fr\/index.php\/wp-json\/wp\/v2\/posts\/2107","targetHints":{"allow":["GET"]}}],"collection":[{"href":"http:\/\/alternativescoutances.fr\/index.php\/wp-json\/wp\/v2\/posts"}],"about":[{"href":"http:\/\/alternativescoutances.fr\/index.php\/wp-json\/wp\/v2\/types\/post"}],"author":[{"embeddable":true,"href":"http:\/\/alternativescoutances.fr\/index.php\/wp-json\/wp\/v2\/users\/2"}],"replies":[{"embeddable":true,"href":"http:\/\/alternativescoutances.fr\/index.php\/wp-json\/wp\/v2\/comments?post=2107"}],"version-history":[{"count":11,"href":"http:\/\/alternativescoutances.fr\/index.php\/wp-json\/wp\/v2\/posts\/2107\/revisions"}],"predecessor-version":[{"id":2122,"href":"http:\/\/alternativescoutances.fr\/index.php\/wp-json\/wp\/v2\/posts\/2107\/revisions\/2122"}],"wp:featuredmedia":[{"embeddable":true,"href":"http:\/\/alternativescoutances.fr\/index.php\/wp-json\/wp\/v2\/media\/462"}],"wp:attachment":[{"href":"http:\/\/alternativescoutances.fr\/index.php\/wp-json\/wp\/v2\/media?parent=2107"}],"wp:term":[{"taxonomy":"category","embeddable":true,"href":"http:\/\/alternativescoutances.fr\/index.php\/wp-json\/wp\/v2\/categories?post=2107"},{"taxonomy":"post_tag","embeddable":true,"href":"http:\/\/alternativescoutances.fr\/index.php\/wp-json\/wp\/v2\/tags?post=2107"}],"curies":[{"name":"wp","href":"https:\/\/api.w.org\/{rel}","templated":true}]}}