{"id":2263,"date":"2022-03-19T18:07:35","date_gmt":"2022-03-19T17:07:35","guid":{"rendered":"http:\/\/alternativescoutances.fr\/?p=2263"},"modified":"2022-04-30T16:59:04","modified_gmt":"2022-04-30T14:59:04","slug":"compte-rendu-du-conseil-municipal-du-17-03-2022","status":"publish","type":"post","link":"http:\/\/alternativescoutances.fr\/index.php\/2022\/03\/19\/compte-rendu-du-conseil-municipal-du-17-03-2022\/","title":{"rendered":"Compte-rendu du conseil municipal du 17-03-2022"},"content":{"rendered":"<p><span style=\"color: #ff0000;\">Consacr\u00e9 au budget de notre commune pour l\u2019ann\u00e9e 2022, ce conseil a cristallis\u00e9 quelques tensions notamment entre \u00ab\u00a0Coutances \u00e0 c\u0153ur\u00a0\u00bb et la majorit\u00e9.<\/span><br \/>\n<span style=\"color: #ff0000;\">Des interpellations peu glorieuses \u00e0 notre avis et une certaine agressivit\u00e9 qui n\u2019apportent rien au d\u00e9bat Politique.<\/span><\/p>\n<hr \/>\n<p><img loading=\"lazy\" decoding=\"async\" class=\"size-medium wp-image-2268 alignleft\" src=\"http:\/\/alternativescoutances.fr\/wp-content\/uploads\/2022\/03\/IMG_20220317_192640-300x220.jpg\" alt=\"\" width=\"300\" height=\"220\" srcset=\"http:\/\/alternativescoutances.fr\/wp-content\/uploads\/2022\/03\/IMG_20220317_192640-300x220.jpg 300w, http:\/\/alternativescoutances.fr\/wp-content\/uploads\/2022\/03\/IMG_20220317_192640-768x563.jpg 768w, http:\/\/alternativescoutances.fr\/wp-content\/uploads\/2022\/03\/IMG_20220317_192640-620x454.jpg 620w, http:\/\/alternativescoutances.fr\/wp-content\/uploads\/2022\/03\/IMG_20220317_192640.jpg 800w\" sizes=\"auto, (max-width: 300px) 100vw, 300px\" \/>M. le maire a d\u00e9but\u00e9 la s\u00e9ance en lisant la lettre de d\u00e9mission d\u2019<strong>H\u00e9lo\u00efse<\/strong> notre colisti\u00e8re. <strong>Un grand merci pour ton investissement \u00e0 nos c\u00f4t\u00e9s<\/strong> depuis le d\u00e9but de notre collectif. Nous esp\u00e9rons que tu pourras rapidement nous retrouver \u00e9ventuellement, comme tu nous l\u2019as \u00e9crit, dans le public du conseil municipal. A bient\u00f4t donc\u2026<\/p>\n<p>C\u2019est <strong>Fran\u00e7oise LEROUGE<\/strong> qui remplace H\u00e9lo\u00efse. Elle a pris sa d\u00e9cision apr\u00e8s qu\u2019une bonne moiti\u00e9 de notre liste se soit r\u00e9unie pour \u00e9voquer cette possibilit\u00e9. Bienvenue \u00e0 toi Fran\u00e7oise !<\/p>\n<hr \/>\n<p><a href=\"https:\/\/drive.google.com\/file\/d\/1PJ8NMm0bRlAuijP4zCOIvoTiligLST6P\/view?usp=sharing\" target=\"_blank\" rel=\"noopener\">Le dossier de s\u00e9ance est disponible ici<\/a><\/p>\n<p><!--more--><\/p>\n<h3><\/h3>\n<h3 class=\"western\"><span style=\"color: #008000;\">2. Vote des taux d\u2019imposition<\/span><\/h3>\n<p>Les taux restent inchang\u00e9s par rapport \u00e0 2021<\/p>\n<ul>\n<li>Taxe fonci\u00e8re propri\u00e9t\u00e9s b\u00e2ties : 34,52 %<\/li>\n<li>Taxe fonci\u00e8re propri\u00e9t\u00e9s non b\u00e2ties : 30,00 %<\/li>\n<\/ul>\n<h3 class=\"western\"><span style=\"color: #008000;\">3. Budget G\u00e9n\u00e9ral \u2013 Budget primitif 2022<\/span><\/h3>\n<p align=\"justify\">&gt;&gt;&gt; Ce budget primitif est un projet pour l&rsquo;ann\u00e9e \u00e0 venir.<br \/>\nQuelques points \u00e0 retenir pour comprendre les principes de ce budget :<\/p>\n<p align=\"justify\">Il se d\u00e9compose en<\/p>\n<ul>\n<li>un budget de <strong>fonctionnement<\/strong> qui pr\u00e9voit environ <span style=\"color: #ff0000;\"><strong>10 M\u20ac de d\u00e9penses r\u00e9elles<\/strong><\/span> et <span style=\"color: #008000;\"><strong>11,5 M\u20ac de recettes r\u00e9elles<\/strong><\/span>.\n<ul>\n<li>La diff\u00e9rence permet d&rsquo;obtenir une \u00e9pargne d&rsquo;<strong>environ 1 M\u20ac<\/strong> qui repr\u00e9sentera la\u00a0 <span style=\"text-decoration: underline;\"><strong>capacit\u00e9 d&rsquo;autofinancement<\/strong><\/span> (donc d&#8217;emprunt pour investissements) de la commune.<\/li>\n<\/ul>\n<\/li>\n<li>un budget d&rsquo;<strong>investissement<\/strong> qui pr\u00e9voit environ <span style=\"color: #ff0000;\"><strong>7,5 M\u20ac de d\u00e9penses r\u00e9elles<\/strong><\/span> et <span style=\"color: #008000;\"><strong>6 M\u20ac de recettes r\u00e9elles<\/strong><\/span>.\n<ul>\n<li>Ci-dessous les principaux investissements pr\u00e9vus (+ de 50 000 \u20ac) :<\/li>\n<\/ul>\n<\/li>\n<\/ul>\n<p><img loading=\"lazy\" decoding=\"async\" class=\"alignnone size-full wp-image-2267\" src=\"http:\/\/alternativescoutances.fr\/wp-content\/uploads\/2022\/03\/investjpg.jpg\" alt=\"\" width=\"751\" height=\"432\" srcset=\"http:\/\/alternativescoutances.fr\/wp-content\/uploads\/2022\/03\/investjpg.jpg 751w, http:\/\/alternativescoutances.fr\/wp-content\/uploads\/2022\/03\/investjpg-300x173.jpg 300w, http:\/\/alternativescoutances.fr\/wp-content\/uploads\/2022\/03\/investjpg-620x357.jpg 620w\" sizes=\"auto, (max-width: 751px) 100vw, 751px\" \/><\/p>\n<p><span style=\"color: #ff0000;\"><b>Alternatives <\/b>: Comme nous l&rsquo;avons soulign\u00e9 lors du d\u00e9bat d&rsquo;orientation budg\u00e9taire, nous sommes inquiets de la baisse de subvention au CCAS (centre communal d&rsquo;action sociale)<\/span><\/p>\n<p><b>Mairie<\/b>\u00a0: On revient \u00e0 un niveau plus ad\u00e9quat aux besoins du territoire apr\u00e8s un d\u00e9rapage financier lors des deux derni\u00e8res ann\u00e9es.<\/p>\n<p><span style=\"color: #c9211e;\"><b>Alternatives\u00a0: <\/b>En investissements, les recettes affichent 700 000 euros de subventions en plus par rapport \u00e0 l\u2019an dernier : ces subvention sont notifi\u00e9es (certaines) ou simplement envisag\u00e9es ? <\/span><\/p>\n<p><span style=\"color: #000000;\"><b>M<\/b><b>airie\u00a0:<\/b> \u00e0 chaque fois qu\u2019il y a des travaux, on pr\u00e9voit un co\u00fbt pr\u00e9visionnel et donc \u00e9galement des demandes de subventions au fur et \u00e0 mesure.<\/span><\/p>\n<p><b><span style=\"color: #c9211e;\">Alternatives<\/span><\/b><span style=\"color: #c9211e;\"> : au niveau des emplois, il y a 106 emplois \u00ab\u00a0ville\u00a0\u00bb r\u00e9f\u00e9renc\u00e9s mais il y a <\/span><span style=\"color: #c9211e;\">\u00e9galement <\/span><span style=\"color: #c9211e;\">des frais de personnels qui sont mis \u00e0 disposition \u00e0 la CMB. On ne voit pas exactement qui est employ\u00e9 par la ville et par la CMB.<\/span><\/p>\n<p><b>Mairie<\/b>\u00a0: Il y a des emplois crois\u00e9s avec la CMB.<\/p>\n<p><span style=\"color: #c9211e;\"><b>Alternatives<\/b>\u00a0: Bien entendu, mais on ne voit pas qui travaille pour qui. Il serait sans doute judicieux de l\u2019indiquer\u00a0!<br \/>\n<\/span><span style=\"color: #c9211e;\">Lors du d\u00e9bat d\u2019orientation budg\u00e9taire, on avait d\u00e9j\u00e0 abord\u00e9 le probl\u00e8me. On voudrait pouvoir communiquer sur le nombre pr\u00e9cis d\u2019emplois communaux&#8230; <\/span><\/p>\n<p><b>Mairie\u00a0<\/b>: on peut y r\u00e9pondre, il faudra voir avec nos services.<\/p>\n<p align=\"justify\"><span style=\"color: #c9211e;\"><b>Alternatives<\/b> : Enfin juste une explication de vote : comme nous l\u2019avons d\u00e9velopp\u00e9 lors du d\u00e9bat d\u2019orientation budg\u00e9taire du 24 f\u00e9vrier dernier, on trouve que le budget est beaucoup trop timor\u00e9. De plus nous sommes inquiets sur la subvention vers\u00e9e au CCAS. Et pour ces deux raisons, nous voterons contre le budget primitif. <\/span><\/p>\n<p align=\"justify\"><b>Mairie<\/b> : Merci pour cette explication de vote mais je ne partage pas ce que vous dites. Nous avons de l\u2019ambition et portons deux projets ambitieux en plus du projet d\u2019assainissement : La r\u00e9fection de la salle Marcel H\u00e9lie et la requalification du quartier Clairefontaines. On ne peut pas aller au-del\u00e0.<\/p>\n<p>5 votes \u00ab\u00a0<span style=\"color: #ff0000;\">contre<\/span>\u00a0\u00bb (<span style=\"color: #ff0000;\">3 Alternatives<\/span> et 2 Coutances \u00e0 c\u0153ur )<\/p>\n<h3 class=\"western\"><span style=\"color: #008000;\">4 &#8211; Budget G\u00e9n\u00e9ral \u2013 actualisation des autorisations de programme<\/span><\/h3>\n<p><strong>&gt;&gt;&gt; Pour rappel<\/strong>, les autorisations de programme et les cr\u00e9dits de paiement (APCP) qui leurs sont affect\u00e9s sont des projets financi\u00e8rement suffisamment importants pour les programmer sur plusieurs ann\u00e9es.<\/p>\n<p>Le montant de l\u2019autorisation de programme relative \u00e0 la requalification du quartier Claires-Fontaines a \u00e9volu\u00e9 de <b>972 000 \u20ac<\/b> pour les raisons suivantes :<\/p>\n<ul>\n<li>R\u00e9actualisation des prix de 2017 en tenant compte d\u2019une \u00e9volution des co\u00fbts de 10%<\/li>\n<li>R\u00e9actualisation des co\u00fbts relatifs \u00e0 la mise en place de containers enterr\u00e9s<\/li>\n<li>Int\u00e9gration des co\u00fbts r\u00e9els du mobilier et des plantations (projet Folius)<\/li>\n<li>Int\u00e9gration de r\u00e9seaux souples non pr\u00e9vus initialement (gaz, \u00e9lectricit\u00e9, vid\u00e9o, t\u00e9l\u00e9communication)<\/li>\n<li>Cr\u00e9ation d\u2019une voirie de d\u00e9lestage depuis le parking au sud de l\u2019\u00e9cole vers la rue du parc<\/li>\n<li>Cr\u00e9ation de murets de sout\u00e8nement au sud-est du FJT pour installer une rampe \u00e0 destination des personnes \u00e0 mobilit\u00e9 r\u00e9duite<\/li>\n<li>Plus-value technique pour l\u2019am\u00e9nagement des places<\/li>\n<\/ul>\n<h3 class=\"western\"><span style=\"color: #008000;\">10. Budget annexe OPERADELOT<\/span><\/h3>\n<p><span style=\"color: #c9211e;\"><b>Alternatives<\/b>\u00a0: peut-on savoir combien il reste de lots \u00e0 vendre dans l\u2019\u00e9coquartier\u00a0? <\/span><\/p>\n<p><b>Mairie<\/b>\u00a0: il en reste un<\/p>\n<p><span style=\"color: #c9211e;\"><b>Alternatives\u00a0<\/b>: il y avait, au d\u00e9but du projet, une id\u00e9e de logements collectifs&#8230;<\/span><\/p>\n<p><b>Mairie\u00a0<\/b>: c&rsquo;est abandonn\u00e9 actuellement par le promoteur &#8230; qui reste propri\u00e9taire du terrain. On cherche avec lui des solutions.<\/p>\n<h3><span style=\"color: #008000;\">15. Subvention 2022 au CCAS<\/span><\/h3>\n<p><span style=\"color: #ff0000;\">Nous avons rappel\u00e9 notre inqui\u00e9tude sur cette subvention en nette baisse lorsqu&rsquo;on envisage en parall\u00e8le une nouvelle cuisine au FJT, une formation pour le personnel, d&rsquo;am\u00e9liorer la qualit\u00e9 des repas et toutes les fiches \u00ab\u00a0actions\u00a0\u00bb suite \u00e0 l&rsquo;analyse des besoins sociaux du CCAS&#8230;<b><br \/>\n<\/b><\/span><\/p>\n<p><span style=\"color: #ff0000;\">3 votes \u00ab\u00a0contre\u00a0\u00bb Alternatives<\/span><\/p>\n<h3 class=\"western\"><span style=\"color: #008000;\">18. Am\u00e9nagement des locaux pour la formation d\u2019aide-soignante.<\/span><\/h3>\n<p><span style=\"color: #c9211e;\"><b>A<\/b><b>lternatives<\/b>\u00a0: Y a-t-il des subventions et des loyers envisag\u00e9s pour ces locaux\u00a0? <\/span><\/p>\n<p><b>M<\/b><b>airie\u00a0<\/b>: il y aura des subventions DETR (dotation d\u2019\u00e9quipement des territoires ruraux) et les loyers sont en cours de n\u00e9gociation (?)<\/p>\n<p><span style=\"color: #c9211e;\">3 abstentions d\u2019Alternatives<\/span><\/p>\n<h3 class=\"western\"><span style=\"color: #008000;\">20. Tableau des emplois<\/span><\/h3>\n<p>(<a href=\"https:\/\/drive.google.com\/file\/d\/1PJ8NMm0bRlAuijP4zCOIvoTiligLST6P\/view?usp=sharing\" target=\"_blank\" rel=\"noopener\">voir le tableaux complet en dossier de s\u00e9ance<\/a>)<\/p>\n<p><img loading=\"lazy\" decoding=\"async\" class=\"alignnone size-full wp-image-2266\" src=\"http:\/\/alternativescoutances.fr\/wp-content\/uploads\/2022\/03\/emplois.jpg\" alt=\"\" width=\"800\" height=\"462\" srcset=\"http:\/\/alternativescoutances.fr\/wp-content\/uploads\/2022\/03\/emplois.jpg 800w, http:\/\/alternativescoutances.fr\/wp-content\/uploads\/2022\/03\/emplois-300x173.jpg 300w, http:\/\/alternativescoutances.fr\/wp-content\/uploads\/2022\/03\/emplois-768x444.jpg 768w, http:\/\/alternativescoutances.fr\/wp-content\/uploads\/2022\/03\/emplois-620x358.jpg 620w\" sizes=\"auto, (max-width: 800px) 100vw, 800px\" \/><\/p>\n<p><span style=\"color: #c9211e;\"><b>Alternatives <\/b>: ici, on pourrait sans doute voir appara\u00eetre des pr\u00e9cisions sur les quotit\u00e9s des emplois mutualis\u00e9s. On peut par exemple penser que le responsable de la commande publique sera en partage avec la CMB ? <\/span><\/p>\n<p><b>Mairie<\/b> : il y aura une notification sur les emplois partag\u00e9s entre la commune et la CMB, lors d&rsquo;un prochain conseil municipal .<\/p>\n<p>&nbsp;<\/p>\n<h3 class=\"western\"><span style=\"color: #008000;\">Questions diverses<\/span><\/h3>\n<p><b>Mairie\u00a0:<\/b> Coutances met \u00e0 disposition 2 T4 et 2 T5 pour des r\u00e9fugi\u00e9s Ukrainiens.<\/p>\n<p><b>Coutances \u00e0 Coeur<\/b> : nous proposons une motion pour soutenir le projet de 2+1 voies entre Coutances et St-L\u00f4.<\/p>\n<p>Mairie : Je ne souhaite pas qu\u2019on vote des motions en conseil municipal. Pour cet axe, je confirme que je suis pour ce projet.<\/p>\n<p><span style=\"color: #c9211e;\"><b>Alternatives\u00a0<\/b>: Si la motion avait \u00e9t\u00e9 propos\u00e9e, nous aurions vot\u00e9 contre. En concertation, on nous a annonc\u00e9 quelques 5 minutes de temps gagn\u00e9 pour 96 000 000 \u20ac. Oui il faut sans aucun doute s\u00e9curiser le trajet mais il y a un autre projet \u00e0 30 000 000 \u20ac. <\/span><\/p>\n<p><span style=\"color: #c9211e;\">Le projet soutenu par le conseil d\u00e9partemental nous renvoie \u00e0 la transition \u00e9cologique en actes (b\u00e9tonnage, destruction des paysages, augmentation de la vitesse et donc des gaz \u00e0 effet de serre&#8230;). <\/span><\/p>\n<p><span style=\"color: #c9211e;\">Je vous renvoie \u00e9galement aux propos de M. Regnault dans la presse, qui demande qu\u2019on prenne en compte les difficult\u00e9s financi\u00e8res de ses salari\u00e9s qui payent de plus en plus cher l\u2019essence et qui souhaitent voir le ferroviaire mis en avant et d\u00e9velopp\u00e9. <\/span><\/p>\n<p>&nbsp;<\/p>\n","protected":false},"excerpt":{"rendered":"<p>Consacr\u00e9 au budget de notre commune pour l\u2019ann\u00e9e 2022, ce conseil a cristallis\u00e9 quelques tensions notamment entre \u00ab\u00a0Coutances \u00e0 c\u0153ur\u00a0\u00bb et la majorit\u00e9. Des interpellations peu glorieuses \u00e0 notre avis et une certaine agressivit\u00e9 qui n\u2019apportent rien au d\u00e9bat Politique. M. le maire a d\u00e9but\u00e9 la s\u00e9ance en lisant la lettre de d\u00e9mission d\u2019H\u00e9lo\u00efse notre [&hellip;]<\/p>\n","protected":false},"author":2,"featured_media":0,"comment_status":"open","ping_status":"open","sticky":false,"template":"","format":"standard","meta":{"inline_featured_image":false,"ocean_post_layout":"","ocean_both_sidebars_style":"","ocean_both_sidebars_content_width":0,"ocean_both_sidebars_sidebars_width":0,"ocean_sidebar":"","ocean_second_sidebar":"","ocean_disable_margins":"enable","ocean_add_body_class":"","ocean_shortcode_before_top_bar":"","ocean_shortcode_after_top_bar":"","ocean_shortcode_before_header":"","ocean_shortcode_after_header":"","ocean_has_shortcode":"","ocean_shortcode_after_title":"","ocean_shortcode_before_footer_widgets":"","ocean_shortcode_after_footer_widgets":"","ocean_shortcode_before_footer_bottom":"","ocean_shortcode_after_footer_bottom":"","ocean_display_top_bar":"default","ocean_display_header":"default","ocean_header_style":"","ocean_center_header_left_menu":"","ocean_custom_header_template":"","ocean_custom_logo":0,"ocean_custom_retina_logo":0,"ocean_custom_logo_max_width":0,"ocean_custom_logo_tablet_max_width":0,"ocean_custom_logo_mobile_max_width":0,"ocean_custom_logo_max_height":0,"ocean_custom_logo_tablet_max_height":0,"ocean_custom_logo_mobile_max_height":0,"ocean_header_custom_menu":"","ocean_menu_typo_font_family":"","ocean_menu_typo_font_subset":"","ocean_menu_typo_font_size":0,"ocean_menu_typo_font_size_tablet":0,"ocean_menu_typo_font_size_mobile":0,"ocean_menu_typo_font_size_unit":"px","ocean_menu_typo_font_weight":"","ocean_menu_typo_font_weight_tablet":"","ocean_menu_typo_font_weight_mobile":"","ocean_menu_typo_transform":"","ocean_menu_typo_transform_tablet":"","ocean_menu_typo_transform_mobile":"","ocean_menu_typo_line_height":0,"ocean_menu_typo_line_height_tablet":0,"ocean_menu_typo_line_height_mobile":0,"ocean_menu_typo_line_height_unit":"","ocean_menu_typo_spacing":0,"ocean_menu_typo_spacing_tablet":0,"ocean_menu_typo_spacing_mobile":0,"ocean_menu_typo_spacing_unit":"","ocean_menu_link_color":"","ocean_menu_link_color_hover":"","ocean_menu_link_color_active":"","ocean_menu_link_background":"","ocean_menu_link_hover_background":"","ocean_menu_link_active_background":"","ocean_menu_social_links_bg":"","ocean_menu_social_hover_links_bg":"","ocean_menu_social_links_color":"","ocean_menu_social_hover_links_color":"","ocean_disable_title":"default","ocean_disable_heading":"default","ocean_post_title":"","ocean_post_subheading":"","ocean_post_title_style":"","ocean_post_title_background_color":"","ocean_post_title_background":0,"ocean_post_title_bg_image_position":"","ocean_post_title_bg_image_attachment":"","ocean_post_title_bg_image_repeat":"","ocean_post_title_bg_image_size":"","ocean_post_title_height":0,"ocean_post_title_bg_overlay":0.5,"ocean_post_title_bg_overlay_color":"","ocean_disable_breadcrumbs":"default","ocean_breadcrumbs_color":"","ocean_breadcrumbs_separator_color":"","ocean_breadcrumbs_links_color":"","ocean_breadcrumbs_links_hover_color":"","ocean_display_footer_widgets":"default","ocean_display_footer_bottom":"default","ocean_custom_footer_template":"","ocean_post_oembed":"","ocean_post_self_hosted_media":"","ocean_post_video_embed":"","ocean_link_format":"","ocean_link_format_target":"self","ocean_quote_format":"","ocean_quote_format_link":"post","ocean_gallery_link_images":"on","ocean_gallery_id":[],"footnotes":""},"categories":[42],"tags":[],"class_list":["post-2263","post","type-post","status-publish","format-standard","hentry","category-2022-cm","entry"],"_links":{"self":[{"href":"http:\/\/alternativescoutances.fr\/index.php\/wp-json\/wp\/v2\/posts\/2263","targetHints":{"allow":["GET"]}}],"collection":[{"href":"http:\/\/alternativescoutances.fr\/index.php\/wp-json\/wp\/v2\/posts"}],"about":[{"href":"http:\/\/alternativescoutances.fr\/index.php\/wp-json\/wp\/v2\/types\/post"}],"author":[{"embeddable":true,"href":"http:\/\/alternativescoutances.fr\/index.php\/wp-json\/wp\/v2\/users\/2"}],"replies":[{"embeddable":true,"href":"http:\/\/alternativescoutances.fr\/index.php\/wp-json\/wp\/v2\/comments?post=2263"}],"version-history":[{"count":10,"href":"http:\/\/alternativescoutances.fr\/index.php\/wp-json\/wp\/v2\/posts\/2263\/revisions"}],"predecessor-version":[{"id":2278,"href":"http:\/\/alternativescoutances.fr\/index.php\/wp-json\/wp\/v2\/posts\/2263\/revisions\/2278"}],"wp:attachment":[{"href":"http:\/\/alternativescoutances.fr\/index.php\/wp-json\/wp\/v2\/media?parent=2263"}],"wp:term":[{"taxonomy":"category","embeddable":true,"href":"http:\/\/alternativescoutances.fr\/index.php\/wp-json\/wp\/v2\/categories?post=2263"},{"taxonomy":"post_tag","embeddable":true,"href":"http:\/\/alternativescoutances.fr\/index.php\/wp-json\/wp\/v2\/tags?post=2263"}],"curies":[{"name":"wp","href":"https:\/\/api.w.org\/{rel}","templated":true}]}}