{"id":3202,"date":"2026-03-11T08:01:38","date_gmt":"2026-03-11T07:01:38","guid":{"rendered":"http:\/\/alternativescoutances.fr\/?p=3202"},"modified":"2026-03-18T19:20:29","modified_gmt":"2026-03-18T18:20:29","slug":"un-veritable-collectif","status":"publish","type":"post","link":"http:\/\/alternativescoutances.fr\/index.php\/2026\/03\/11\/un-veritable-collectif\/","title":{"rendered":"Un v\u00e9ritable collectif !"},"content":{"rendered":"<p><img loading=\"lazy\" decoding=\"async\" class=\"wp-image-462 alignleft\" src=\"http:\/\/alternativescoutances.fr\/wp-content\/uploads\/2020\/05\/logo-Alternatives.svg\" alt=\"\" width=\"64\" height=\"64\" \/>Fid\u00e8les \u00e0 notre conception de la d\u00e9mocratie, nous sommes entr\u00e9s dans la campagne des municipales 2026 comme lors de l&rsquo;\u00e9lection de 2020&#8230;<br \/>\nD\u2019abord par la construction d&rsquo;un projet, puis en regroupant des personnes volontaires pour le porter au sein de notre liste et enfin en d\u00e9signant nos candidat-es en t\u00eate de cette liste.<br \/>\nC&rsquo;est donc un <strong>v\u00e9ritable collectif<\/strong> qui vous est propos\u00e9 sur notre bulletin de vote \u00ab\u00a0<strong><span style=\"color: #ff0000;\">Alternatives citoy<\/span><span style=\"color: #008000;\">ennes du coutan\u00e7ais\u00a0\u00bb<\/span><\/strong>&#8230; d\u00e9couvrons nos 12 premier-es colistier-\u00e8res en d\u00e9tail :<!--more--><\/p>\n<table class=\" aligncenter\" style=\"width: 80%; background-color: #ecf7eb;\">\n<tbody>\n<tr>\n<td>\n<div class=\"xdj266r x14z9mp xat24cr x1lziwak x1vvkbs x126k92a\">\n<div dir=\"auto\"><strong>Anne-Charlotte P\u00e9not :<\/strong><\/div>\n<\/div>\n<div class=\"x14z9mp xat24cr x1lziwak x1vvkbs xtlvy1s x126k92a\">\n<div dir=\"auto\">\u00a0\u00bb Coutances, et le Coutan\u00e7ais, c\u2019est une histoire familiale. Mon arri\u00e8re-arri\u00e8re-grand-p\u00e8re, Elie Brosset, avait cr\u00e9\u00e9 et g\u00e9r\u00e9 l\u2019usine du moulin de La Houchardi\u00e8re o\u00f9 \u00e9taient produits des paniers \u00e0 beurre vendus en Normandie, Bretagne, Vend\u00e9e et Paris. Mon arri\u00e8re-grand-p\u00e8re, Paul Brosset, est all\u00e9 chercher de l\u2019aide aupr\u00e8s des s\u00e9minaristes (dans l\u2019actuel CAD) apr\u00e8s les bombardements. Cet ancrage familial m\u2019est tr\u00e8s cher. Mais au-del\u00e0 de cela, je suis une amoureuse de ce territoire, qui est devenu mon rep\u00e8re, mon refuge.<\/div>\n<div dir=\"auto\">J\u2019ai commenc\u00e9 par obtenir une double licence en Histoire et Histoire de l\u2019art \u00e0 Angers, avant de partir pendant un an \u00e0 Cambridge. \u00c0 mon retour, j\u2019ai chang\u00e9 d\u2019orientation et j\u2019ai finalement \u00e9t\u00e9 dipl\u00f4m\u00e9e d\u2019un premier MBA en management des entreprises, puis d\u2019un second en commerce international. Pendant, et apr\u00e8s mes \u00e9tudes, j\u2019ai travaill\u00e9 dans diverses entreprises commerciales.<\/div>\n<div dir=\"auto\">En r\u00e9alit\u00e9, je ne m\u2019y retrouvais pas. J\u2019\u00e9tais en dissonance avec mes valeurs profondes, j\u2019avais un profond mal-\u00eatre. J\u2019ai initialement quitt\u00e9 Paris mi-2019 pour quelques semaines ici. Finalement, je suis rest\u00e9e car j\u2019ai trouv\u00e9 mon \u00e9quilibre. J\u2019ai voulu travailler dans l\u2019\u00c9conomie Sociale et Solidaire, car \u00e7a r\u00e9sonnait positivement en moi, mais je ne trouvais pas. J\u2019ai alors d\u00e9cid\u00e9 de faire un master en management de la transition \u00e9cologique et solidaire en 2021. En 2022, \u00e0 Coutances, j\u2019ai int\u00e9gr\u00e9 une coop\u00e9rative sp\u00e9cialis\u00e9e dans la r\u00e9novation \u00e9nerg\u00e9tique des b\u00e2timents (La SCIC Les 7 Vents), d\u2019abord comme stagiaire, jusqu\u2019\u00e0 y \u00eatre en CDD apr\u00e8s l\u2019obtention de mon dipl\u00f4me.<\/div>\n<div dir=\"auto\">\u00c0 part ce parcours acad\u00e9mique, pas tr\u00e8s rectiligne, j\u2019ai eu envie de m\u2019impliquer davantage et notamment politiquement. Je voulais faire plus pour Coutances et le Coutan\u00e7ais. Ainsi, j\u2019ai progressivement rejoint Les \u00c9cologistes, et enfin Alternatives Citoyennes du Coutan\u00e7ais. J\u2019aspire pouvoir mettre \u00e0 contribution mes comp\u00e9tences aux services du collectif et de Coutances pour un avenir radieux.\u00a0\u00bb<\/div>\n<\/div>\n<\/td>\n<\/tr>\n<tr>\n<td><img loading=\"lazy\" decoding=\"async\" class=\"aligncenter size-full wp-image-3235\" src=\"http:\/\/alternativescoutances.fr\/wp-content\/uploads\/2026\/03\/binome.jpg\" alt=\"\" width=\"600\" height=\"503\" srcset=\"http:\/\/alternativescoutances.fr\/wp-content\/uploads\/2026\/03\/binome.jpg 600w, http:\/\/alternativescoutances.fr\/wp-content\/uploads\/2026\/03\/binome-300x252.jpg 300w\" sizes=\"auto, (max-width: 600px) 100vw, 600px\" \/><\/td>\n<\/tr>\n<tr>\n<td>\n<div dir=\"auto\"><\/div>\n<div dir=\"auto\">\n<div dir=\"auto\">\n<div dir=\"auto\">\n<div dir=\"auto\"><strong>Christophe Osmont<\/strong> :<\/div>\n<div dir=\"auto\">\u00ab\u00a0N\u00e9 \u00e0 Coutances, j\u2019ai repris la ferme de mes parents en 2015 apr\u00e8s des \u00e9tudes d\u2019\u00e9conomie et une premi\u00e8re vie \u00e0 Paris en tant que journaliste sp\u00e9cialis\u00e9 dans le cyclisme \u00e0 L&rsquo;\u00c9quipe. Avec ma femme Ma\u00eflys, avec qui nous avons deux enfants adolescents, nous g\u00e9rons deux entreprises sur le m\u00eame site, une SCI de location de salle de r\u00e9ception et g\u00eetes et une ferme d\u2019\u00e9levage sur laquelle nous transformons la viande de nos animaux pour la vendre en direct \u00e0 La Ferme Coutan\u00e7aise, \u00e0 Biocoop et en restauration collective.<\/div>\n<div dir=\"auto\">Je suis syndiqu\u00e9 \u00e0 la Conf\u00e9d\u00e9ration Paysanne et je milite pour am\u00e9liorer le revenu et la qualit\u00e9 de vie au travail des paysans : cela m\u2019indigne de constater que ceux qui ont le r\u00f4le essentiel de nourrir les autres sainement travaillent tant et sont si peu r\u00e9compens\u00e9s.<\/div>\n<div dir=\"auto\">Je participe depuis 10 ans \u00e0 construire des alternatives au capitalisme n\u00e9o-lib\u00e9ral destructeur, avec lesquelles je tente de pr\u00e9server les conditions d\u2019habitabilit\u00e9 de notre terre et de refaire soci\u00e9t\u00e9 par l\u2019entraide et l\u2019engagement collectif. Je suis administrateur impliqu\u00e9 d\u2019associations (La Ferme Coutan\u00e7aise, Bio en Normandie, la F\u00e9d\u00e9ration Nationale d\u2019Agriculture Biologique), de coop\u00e9ratives d&rsquo;utilisation de mat\u00e9riel agricole (CUMA de la Vendel\u00e9e, CUMA Ecovaloris). Je l\u2019ai \u00e9t\u00e9 de la Soci\u00e9t\u00e9 coop\u00e9rative d\u2019int\u00e9r\u00eat collectif de l\u2019abattoir de la Baie du Cotentin.<\/div>\n<div dir=\"auto\">Trop souvent confront\u00e9 au blocage de ces alternatives par les pouvoirs en place, j\u2019ai d\u00e9cid\u00e9 de m\u2019engager en politique pour faire tomber les barri\u00e8res et construire localement, avec les coutan\u00e7ais et Alternatives Citoyennes du Coutan\u00e7ais, un futur d\u00e9sirable pour tous.<\/div>\n<div dir=\"auto\">J\u2019ai heureusement des soupapes de s\u00e9curit\u00e9 face \u00e0 ce besoin de r\u00e9volte en moi : l\u2019\u00e9merveillement que m\u2019apporte la vie avec mes animaux et la biodiversit\u00e9 dans le haies et prairies qui les entourent et mes longues sorties \u00e0 v\u00e9lo dans ce magnifique bocage, pour m\u2019entra\u00eener et accompagner les jeunes de mon club P\u00e9riers Cyclisme !\u00a0\u00bb<\/div>\n<\/div>\n<\/div>\n<\/div>\n<\/td>\n<\/tr>\n<\/tbody>\n<\/table>\n<p>&nbsp;<\/p>\n<hr \/>\n<p>&nbsp;<\/p>\n<table class=\" aligncenter\" style=\"width: 80%; background-color: #ecf7eb;\">\n<tbody>\n<tr>\n<td><img loading=\"lazy\" decoding=\"async\" class=\"aligncenter size-full wp-image-3204\" src=\"http:\/\/alternativescoutances.fr\/wp-content\/uploads\/2026\/03\/agnes.jpg\" alt=\"\" width=\"600\" height=\"503\" srcset=\"http:\/\/alternativescoutances.fr\/wp-content\/uploads\/2026\/03\/agnes.jpg 600w, http:\/\/alternativescoutances.fr\/wp-content\/uploads\/2026\/03\/agnes-300x252.jpg 300w\" sizes=\"auto, (max-width: 600px) 100vw, 600px\" \/><\/td>\n<\/tr>\n<tr>\n<td>\n<div dir=\"auto\"><\/div>\n<div dir=\"auto\">\u00a0\u00bb Originaire de Saint Etienne du Rouvray pr\u00e8s de Rouen, j\u2019ai pos\u00e9 mes valises \u00e0 Coutances il y a trois ans, par choix. Ville \u00e0 taille humaine dans un environnement magnifique, je m\u2019y sens tr\u00e8s bien et compte y rester d\u00e9finitivement.<\/div>\n<div dir=\"auto\">Engag\u00e9e politiquement \u00e0 gauche au PCF, militante f\u00e9ministe (Droits des femmes Manche, chorale FEMINISTA) et syndicaliste (Syndicat National Unitaire de l\u2019Enseignement Professionnel de la FSU) depuis de nombreuses ann\u00e9es, j\u2019ai toujours voulu d\u00e9fendre le mieux vivre pour toutes et tous.<\/div>\n<div dir=\"auto\">C\u2019est le sens de ma candidature aujourd\u2019hui sur une liste dont je partage les valeurs et les ambitions pour chaque habitant\u00b7e de la ville et de la communaut\u00e9.<\/div>\n<div dir=\"auto\">J\u2019esp\u00e8re apporter mon exp\u00e9rience d\u2019\u00e9lue dans ma ville d\u2019origine.\u00a0\u00bb<\/div>\n<\/td>\n<\/tr>\n<\/tbody>\n<\/table>\n<p>&nbsp;<\/p>\n<table class=\" aligncenter\" style=\"width: 80%; background-color: #ffffff;\">\n<tbody>\n<tr>\n<td><img loading=\"lazy\" decoding=\"async\" class=\"aligncenter size-full wp-image-3205\" src=\"http:\/\/alternativescoutances.fr\/wp-content\/uploads\/2026\/03\/pierrehenri.jpg\" alt=\"\" width=\"600\" height=\"503\" srcset=\"http:\/\/alternativescoutances.fr\/wp-content\/uploads\/2026\/03\/pierrehenri.jpg 600w, http:\/\/alternativescoutances.fr\/wp-content\/uploads\/2026\/03\/pierrehenri-300x252.jpg 300w\" sizes=\"auto, (max-width: 600px) 100vw, 600px\" \/><\/td>\n<\/tr>\n<tr>\n<td style=\"background-color: #ffffff;\">&nbsp;<\/p>\n<p><span class=\"x193iq5w xeuugli x13faqbe x1vvkbs x10flsy6 x1lliihq x1s928wv xhkezso x1gmr53x x1cpjm7i x1fgarty x1943h6x x4zkp8e x41vudc x6prxxf xvq8zen xo1l8bm xzsf02u x1yc453h\" dir=\"auto\">\u00ab\u00a0Originaire de la Manche, j&rsquo;y suis revenu apr\u00e8s 20 ans d&rsquo;itin\u00e9rance. Nous sommes arriv\u00e9s en famille \u00e0 Coutances il y a 3 ans, charm\u00e9s par ce cadre de vie serein, la vie sociale et culturelle tr\u00e8s dynamique. Je travaille comme ing\u00e9nieur au minist\u00e8re de la transition \u00e9cologique, et j&rsquo;ai envie comme citoyen de m&rsquo;engager pour faire progresser cette transition localement \u00e0 travers les mobilit\u00e9s, le logement, l\u2019\u00e9nergie\u2026\u00a0\u00bb<\/span><\/td>\n<\/tr>\n<\/tbody>\n<\/table>\n<p>&nbsp;<\/p>\n<table class=\" aligncenter\" style=\"width: 80%; background-color: #ecf7eb;\">\n<tbody>\n<tr>\n<td><img loading=\"lazy\" decoding=\"async\" class=\"aligncenter size-full wp-image-3206\" src=\"http:\/\/alternativescoutances.fr\/wp-content\/uploads\/2026\/03\/sandra.jpg\" alt=\"\" width=\"600\" height=\"503\" srcset=\"http:\/\/alternativescoutances.fr\/wp-content\/uploads\/2026\/03\/sandra.jpg 600w, http:\/\/alternativescoutances.fr\/wp-content\/uploads\/2026\/03\/sandra-300x252.jpg 300w\" sizes=\"auto, (max-width: 600px) 100vw, 600px\" \/><\/td>\n<\/tr>\n<tr>\n<td>\n<div dir=\"auto\"><\/div>\n<div dir=\"auto\">\u00ab\u00a0Le Coutan\u00e7ais, c\u2019est le pays de ma m\u00e8re ! Dans mes souvenirs d\u2019enfance, il y a les pique-niques \u00e0 Hauteville, le march\u00e9 \u00e0 Marcel H\u00e9lie, les emplettes dans la rue Tancr\u00e8de. Je n\u2019imaginais pas qu\u2019un jour je reviendrais ici ! Apr\u00e8s avoir habit\u00e9 Caen, Berlin, Toulouse, je cherchais une ville \u00e0 taille humaine, avec une gare et proche de la mer. Je suis tomb\u00e9e amoureuse des petits chemins, de la tranquillit\u00e9, mais aussi des temps forts associatifs de Coutances. J\u2019ai envie de participer \u00e0 cr\u00e9er une ville encore + chouette, avec + de justice sociale surtout. J\u2019ai b\u00e9n\u00e9vol\u00e9 \u00e0 Solidarit\u00e9s sous les Pommiers, Chauffer dans la noirceur, et je suis membre de l\u2019Amicale \u00e0 Paillettes.<\/div>\n<div dir=\"auto\">J\u2019accompagne des jeunes dans l\u2019apprentissage du fran\u00e7ais et des savoirs de base (illettrismes) ; j\u2019enseigne aussi les premiers gestes de d\u00e9fense corporelle ; j\u2019anime des ateliers en mus\u00e9e d\u2019art, pour d\u00e9crypter les st\u00e9r\u00e9otypes et violences symboliques. J\u2019ai commenc\u00e9 \u00e0 travailler en service client et commerce-restauration d\u00e8s 18 ans ; j\u2019ai fait mes \u00e9tudes en parall\u00e8le, et suis dipl\u00f4m\u00e9e d\u2019un master recherche en d\u00e9veloppement local ; j\u2019ai \u00e9t\u00e9 responsable d\u2019un service m\u00e9diation chez un fournisseur d\u2019\u00e9nergie renouvelable : ma sp\u00e9cialit\u00e9 \u00e9tait la r\u00e9solution de conflits et de probl\u00e8mes techniques.<\/div>\n<div dir=\"auto\">J\u2019aime arpenter le Cotentin, voyager \u00e0 v\u00e9lo, bivouaquer, discuter avec les gens, \u00e9crire, d\u00e9couvrir des lieux et des initiatives conviviales, le th\u00e9, le chocolat et les lasagnes !<\/div>\n<div dir=\"auto\">J\u2019aime quand la ville est pi\u00e9tonnis\u00e9e pour le trail d\u2019Halloween, Jazz, les parades et fanfares ; la salle Marcel H\u00e9lie, la m\u00e9diath\u00e8que, le Bulsard.<\/div>\n<div dir=\"auto\">Ce qui me tient \u00e0 c\u0153ur, ce sont les conditions mat\u00e9rielles pour une vie digne et \u00e9panouie, les handicaps visibles et invisibles (donc la sant\u00e9 mentale), la jeunesse et la vieillesse, la diversit\u00e9 culturelle et vivante.\u00a0\u00bb<\/div>\n<\/td>\n<\/tr>\n<\/tbody>\n<\/table>\n<p>&nbsp;<\/p>\n<table class=\" aligncenter\" style=\"width: 80%; background-color: #ffffff;\">\n<tbody>\n<tr>\n<td><img loading=\"lazy\" decoding=\"async\" class=\"aligncenter size-full wp-image-3212\" src=\"http:\/\/alternativescoutances.fr\/wp-content\/uploads\/2026\/03\/thierry.jpg\" alt=\"\" width=\"600\" height=\"503\" srcset=\"http:\/\/alternativescoutances.fr\/wp-content\/uploads\/2026\/03\/thierry.jpg 600w, http:\/\/alternativescoutances.fr\/wp-content\/uploads\/2026\/03\/thierry-300x252.jpg 300w\" sizes=\"auto, (max-width: 600px) 100vw, 600px\" \/><\/td>\n<\/tr>\n<tr>\n<td>\n<div dir=\"auto\">\u00ab\u00a0Impressionn\u00e9 par la beaut\u00e9 du d\u00e9partement de la Manche, depuis 1976, et son extraordinaire diversit\u00e9 de paysages du nord au sud, de l\u2019est \u00e0 l\u2019ouest,<\/div>\n<div dir=\"auto\">Arriv\u00e9 \u00e0 Coutances en 2004, habitant du c\u00f4t\u00e9 du rond-point de Delasse,<\/div>\n<div dir=\"auto\">Mari\u00e9 et 4 enfants (tous n\u00e9s \u00e0 la clinique de Coutances).<\/div>\n<div dir=\"auto\">Charg\u00e9 de mission environnement (conseil d\u00e9partemental de la Manche) depuis 1998 et soutien du r\u00e9emploi-recyclage de nos d\u00e9chets, au caf\u00e9-r\u00e9paration de la Manche.<\/div>\n<div dir=\"auto\">Membre du rugby club du pays de coutances (RCPC, ancien tr\u00e9sorier, vice-pr\u00e9sident, b\u00e9n\u00e9vole chauffeur).<\/div>\n<div dir=\"auto\">Soutien \u00e0 l\u2019agriculture et participation \u00e0 certaines f\u00eates BIO de la Manche,<\/div>\n<div dir=\"auto\">Membre de la \u00ab D\u00e9pannette, caf\u00e9 r\u00e9paration de Granville \u00bb,<\/div>\n<div dir=\"auto\">Curieux des diverses formes de cultures : musique, th\u00e9\u00e2tre, cin\u00e9ma, livre, BD.<\/div>\n<div dir=\"auto\">Encore lecteur de journaux au format papier !<\/div>\n<div dir=\"auto\">Militant au Parti socialiste depuis 2002, apr\u00e8s le choc de l\u2019\u00e9viction de Lionel Jospin du second de l\u2019\u00e9lection pr\u00e9sidentielle et secr\u00e9taire de section de COUTANCES,<\/div>\n<div dir=\"auto\">Membre de la CGT du Conseil d\u00e9partemental de la Manche et de l\u2019union locale CGT Coutances.\u00a0\u00bb<\/div>\n<\/td>\n<\/tr>\n<\/tbody>\n<\/table>\n<p>&nbsp;<\/p>\n<table class=\" aligncenter\" style=\"width: 80%; background-color: #ecf7eb;\">\n<tbody>\n<tr>\n<td><img loading=\"lazy\" decoding=\"async\" class=\"aligncenter size-full wp-image-3213\" src=\"http:\/\/alternativescoutances.fr\/wp-content\/uploads\/2026\/03\/nina.jpg\" alt=\"\" width=\"600\" height=\"503\" srcset=\"http:\/\/alternativescoutances.fr\/wp-content\/uploads\/2026\/03\/nina.jpg 600w, http:\/\/alternativescoutances.fr\/wp-content\/uploads\/2026\/03\/nina-300x252.jpg 300w\" sizes=\"auto, (max-width: 600px) 100vw, 600px\" \/><\/td>\n<\/tr>\n<tr>\n<td>\n<div dir=\"auto\"><\/div>\n<div dir=\"auto\">\u00ab\u00a0Arriv\u00e9e par amour il y a 2 ans \u00e0 Coutances, mon engagement militant est lui plus ancien : d\u2019abord adh\u00e9rente des Jeunes Ecolos, dont j\u2019ai \u00e9t\u00e9 secr\u00e9taire f\u00e9d\u00e9rale avant d\u2019atteindre l\u2019\u00e2ge de p\u00e9remption, je milite depuis chez les Verts, dont je co-anime le groupe local. \u00c9lue conseill\u00e8re municipale et communautaire en 2020 \u00e0 Mulhouse sur une liste d\u2019union de la gauche, c\u2019est avec plaisir que je retrouve une telle dynamique \u00e0 Coutances !<\/div>\n<div dir=\"auto\">Franco-suisse, je m\u2019int\u00e9resse aux enjeux du f\u00e9d\u00e9ralisme, du r\u00e9gionalisme de gauche et du plurilinguisme.<\/div>\n<div dir=\"auto\">Adepte du v\u00e9lo, au quotidien comme en vacances, anciennement secr\u00e9taire des Cyclistes Associ\u00e9s pour le Droit de rouler en s\u00e9curit\u00e9 Mulhouse, le d\u00e9veloppement des mobilit\u00e9s actives me tient \u00e9galement particuli\u00e8rement \u00e0 coeur.\u00a0\u00bb<\/div>\n<\/td>\n<\/tr>\n<\/tbody>\n<\/table>\n<p>&nbsp;<\/p>\n<table class=\" aligncenter\" style=\"width: 80%; background-color: #ffffff;\">\n<tbody>\n<tr>\n<td><img loading=\"lazy\" decoding=\"async\" class=\"aligncenter size-full wp-image-3218\" src=\"http:\/\/alternativescoutances.fr\/wp-content\/uploads\/2026\/03\/jmi.jpg\" alt=\"\" width=\"600\" height=\"503\" srcset=\"http:\/\/alternativescoutances.fr\/wp-content\/uploads\/2026\/03\/jmi.jpg 600w, http:\/\/alternativescoutances.fr\/wp-content\/uploads\/2026\/03\/jmi-300x252.jpg 300w\" sizes=\"auto, (max-width: 600px) 100vw, 600px\" \/><\/td>\n<\/tr>\n<tr>\n<td>\n<div dir=\"auto\"><\/div>\n<div dir=\"auto\">\n<div dir=\"auto\">\u00ab\u00a0Prof d\u2019EPS \u00e0 la retraite depuis deux ans bient\u00f4t, je vis \u00e0 Coutances depuis 1987. Avec ma compagne nous avons \u00e9t\u00e9 entour\u00e9s de nos 3 gars : une famille sportive tr\u00e8s impliqu\u00e9e dans le club de volley notamment.<\/div>\n<div dir=\"auto\">Ma vie professionnelle a dur\u00e9 38 ans au coll\u00e8ge de St-Sauveur Villages avec pour coll\u00e8gue\u2026 Catherine ma compagne&#8230; \u00c7a cr\u00e9e du lien !<\/div>\n<div dir=\"auto\">J\u2019ai milit\u00e9 dans mon syndicat (Syndicat National de l\u2019\u00c9ducation Physique-F\u00e9d\u00e9ration Syndicale Unitaire), au Parti Communiste Fran\u00e7ais et depuis 2019 au sein de la liste Alternatives qui m\u2019a permis d\u2019\u00eatre \u00e9lu en 2020 au conseil municipal et \u00e0 la CMB, \u00e0 chaque fois pour revendiquer plus de justice sociale, \u00e9cologique et d\u00e9mocratique.\u00a0\u00bb<\/div>\n<\/div>\n<\/td>\n<\/tr>\n<\/tbody>\n<\/table>\n<p>&nbsp;<\/p>\n<table class=\" aligncenter\" style=\"width: 80%; background-color: #ecf7eb;\">\n<tbody>\n<tr>\n<td><img loading=\"lazy\" decoding=\"async\" class=\"aligncenter size-full wp-image-3219\" src=\"http:\/\/alternativescoutances.fr\/wp-content\/uploads\/2026\/03\/mathilde.jpg\" alt=\"\" width=\"600\" height=\"503\" srcset=\"http:\/\/alternativescoutances.fr\/wp-content\/uploads\/2026\/03\/mathilde.jpg 600w, http:\/\/alternativescoutances.fr\/wp-content\/uploads\/2026\/03\/mathilde-300x252.jpg 300w\" sizes=\"auto, (max-width: 600px) 100vw, 600px\" \/><\/td>\n<\/tr>\n<tr>\n<td>\n<div dir=\"auto\"><\/div>\n<div dir=\"auto\">\n<div dir=\"auto\">\u00ab\u00a0J\u2019ai choisi de m\u2019installer avec ma famille \u00e0 Coutances en 2022. Sur le papier, ce sont les nombreux commerces en centre-ville, la richesse de la vie culturelle et associative, la pr\u00e9sence d\u2019une gare, les nombreuses activit\u00e9s pour les enfants et les collines coutan\u00e7aises qui nous ont attir\u00e9s.<\/div>\n<div dir=\"auto\">L\u2019accueil des Coutan\u00e7ais, leur implication dans la vie associative locale, les multiples chemins de randonn\u00e9e dans le bocage, la possibilit\u00e9 de consommer local facilement et Jazz sous les pommiers, festival populaire et pointu, ont fini de nous convaincre. Apr\u00e8s avoir v\u00e9cu \u00e0 Lyon, Puteaux, Tours, Amboise, Bourges, Ch\u00e2teauneuf sur Loire, Orl\u00e9ans, nous avons trouv\u00e9 une ville qui nous ressemble et dans laquelle nous souhaitons nous implanter durablement. Et, maintenant que mes enfants sont plus grands, je souhaite m\u2019engager pour cette ville.<\/div>\n<div dir=\"auto\">Mon engagement politique est aussi marqu\u00e9 par le refus de baisser les bras face \u00e0 une extr\u00eame-droite de plus en plus pr\u00e9sente dans le pays. J\u2019avais vot\u00e9 pour la premi\u00e8re fois en 2002 et manifest\u00e9 mon indignation avant le second tour. J\u2019ai v\u00e9cu la dissolution de juin 2024 dans l\u2019angoisse que l\u2019impensable arrive. Le pasteur Niem\u00f6ller me l\u2019a appris : il ne faut pas se taire quand nous sommes en d\u00e9saccord.<\/div>\n<div dir=\"auto\">Le collectif Alternatives citoyennes du coutan\u00e7ais porte les valeurs \u00e9cologistes de gauche que je veux d\u00e9fendre ouvertement pour notre ville, pour notre pays. Son fonctionnement est respectueux des individualit\u00e9s, chacun apporte sa pierre et l\u2019id\u00e9e surgit du collectif : c\u2019est ainsi que je con\u00e7ois le vivre ensemble.<\/div>\n<div dir=\"auto\">Et pour le reste ? Je travaille dans le domaine de la comptabilit\u00e9, les comptes en T et les processus financiers me sont familiers. J\u2019aime le th\u00e9\u00e2tre et la cr\u00e9ation ; Bach, Jeanne Cherhal et les Daft Punk ; Val\u00e9rie Donzelli et Ken Loach ; les marches sur les chemins et dans le sable ; respirer les embruns et les odeurs de saucisse du jeudi matin ; les jeux de soci\u00e9t\u00e9, les puzzles et Mario.\u00a0\u00bb<\/div>\n<\/div>\n<\/td>\n<\/tr>\n<\/tbody>\n<\/table>\n<p>&nbsp;<\/p>\n<table class=\" aligncenter\" style=\"width: 80%; background-color: #ffffff;\">\n<tbody>\n<tr>\n<td><img loading=\"lazy\" decoding=\"async\" class=\"aligncenter size-full wp-image-3227\" src=\"http:\/\/alternativescoutances.fr\/wp-content\/uploads\/2026\/03\/yann.jpg\" alt=\"\" width=\"600\" height=\"503\" srcset=\"http:\/\/alternativescoutances.fr\/wp-content\/uploads\/2026\/03\/yann.jpg 600w, http:\/\/alternativescoutances.fr\/wp-content\/uploads\/2026\/03\/yann-300x252.jpg 300w\" sizes=\"auto, (max-width: 600px) 100vw, 600px\" \/><\/td>\n<\/tr>\n<tr>\n<td>\n<div dir=\"auto\"><\/div>\n<div dir=\"auto\">\n<div dir=\"auto\">\n<div dir=\"auto\">\u00ab\u00a0N\u00e9 \u00e0 Paris, pour mieux grandir en Normandie !<\/div>\n<div dir=\"auto\">Que ce soit dans la vie scolaire ou dans nos belles campagnes, j\u2019ai tr\u00e8s vite \u00e9t\u00e9 marqu\u00e9 par les in\u00e9galit\u00e9s et la stigmatisation. Le foot, sa camaraderie, ses d\u00e9ceptions, ses joies ont longtemps rythm\u00e9es mon quotidien avec plus d\u2019enthousiasme.<\/div>\n<div dir=\"auto\">Apr\u00e8s un retour \u00e0 Paris pour raisons professionnelles, aux Finances Publiques, l\u2019offre culturelle et ma curiosit\u00e9 m\u2019ont permis d\u2019interroger plus profond\u00e9ment notre vie en soci\u00e9t\u00e9. Le voyage a \u00e9t\u00e9 une continuit\u00e9 heureuse dans l\u2019observation d\u2019autres r\u00e9alit\u00e9s que les n\u00f4tres. Comme dans ce mythe m\u00e9lan\u00e9sien de l\u2019Arbre et la Pirogue, ces exp\u00e9riences m\u2019ont permis de nourrir mon retour dans le quotidien apais\u00e9 du coutan\u00e7ais. Cela a \u00e9t\u00e9 notable par mon engagement associatif et mes nombreux b\u00e9n\u00e9volats au sein des associations et \u00e9v\u00e9nements locaux.<\/div>\n<div dir=\"auto\">C\u2019est pourquoi apr\u00e8s un premier engagement avec Alternatives Citoyennes du Coutan\u00e7ais, j\u2019aspire de nouveau \u00e0 d\u00e9battre, \u00e9changer et partager au sein de notre groupe et de notre commune pour am\u00e9liorer notre belle cit\u00e9 !\u00a0\u00bb<\/div>\n<\/div>\n<\/div>\n<\/td>\n<\/tr>\n<\/tbody>\n<\/table>\n<p>&nbsp;<\/p>\n<table class=\" aligncenter\" style=\"width: 80%; background-color: #ecf7eb;\">\n<tbody>\n<tr>\n<td><img loading=\"lazy\" decoding=\"async\" class=\"aligncenter size-full wp-image-3231\" src=\"http:\/\/alternativescoutances.fr\/wp-content\/uploads\/2026\/03\/CLAIRE.jpg\" alt=\"\" width=\"600\" height=\"503\" srcset=\"http:\/\/alternativescoutances.fr\/wp-content\/uploads\/2026\/03\/CLAIRE.jpg 600w, http:\/\/alternativescoutances.fr\/wp-content\/uploads\/2026\/03\/CLAIRE-300x252.jpg 300w\" sizes=\"auto, (max-width: 600px) 100vw, 600px\" \/><\/td>\n<\/tr>\n<tr>\n<td>\n<div dir=\"auto\"><\/div>\n<div dir=\"auto\">\n<div dir=\"auto\">\n<div dir=\"auto\">\n<p>\u00ab\u00a0Avant de m&rsquo;installer \u00e0 Coutances en 2004 pour rejoindre mon conjoint, j&rsquo;ai v\u00e9cu et travaill\u00e9 dans plusieurs r\u00e9gions : Rouen, Paris, pr\u00e8s de Rodez, de Montpellier puis de Rennes&#8230;Inspirant pour regarder maintenant Coutances avec des regards multiples !<\/p>\n<div dir=\"auto\">Ing\u00e9nieur agronome, j&rsquo;ai d&rsquo;abord \u00e9t\u00e9 charg\u00e9e de projet dans une chambre d&rsquo;agriculture, puis responsable de financement au Cr\u00e9dit Agricole du Midi. J&rsquo;ai alors r\u00e9alis\u00e9 une reconversion, je suis devenue professeure des \u00e9coles en 1999.<\/div>\n<div dir=\"auto\">Je me suis beaucoup attach\u00e9e \u00e0 Coutances et au Coutan\u00e7ais. Habiter une petite ville o\u00f9 tout est \u00e0 port\u00e9e de pied \u2013 magasins, \u00e9quipements sportifs et culturels, services,&#8230;mais aussi la nature avec le bois des Vignettes, les trois Vall\u00e9es, c&rsquo;est beaucoup de chance. Pouvoir se balader au bord de la mer, contempler la mont\u00e9e des eaux dans les havres, c&rsquo;est un vrai plaisir.<\/div>\n<div dir=\"auto\">Mes trois enfants ayant grandi, et \u00e9tant \u00ab en grandes vacances \u00bb &#8211; retrait\u00e9e !-, j&rsquo;ai maintenant plus de temps, que j&rsquo;ai envie de mettre au service des habitants de Coutances.<\/div>\n<div dir=\"auto\">Mon compagnon et moi avons h\u00e9berg\u00e9 pendant 15 mois un jeune exil\u00e9 et lui avons donn\u00e9 des cours de fran\u00e7ais.<\/div>\n<div dir=\"auto\">Je participe avec enthousiasme \u00e0 la liste Alternatives Citoyennes du Coutan\u00e7ais car j&rsquo;ai envie de contribuer \u00e0 am\u00e9liorer la vie des Coutan\u00e7ais, dans un esprit de justice sociale, d\u00e9mocratique et environnementale. J&rsquo;appr\u00e9cie notre fa\u00e7on de travailler (en collectif), la diversit\u00e9 de notre \u00e9quipe, qui apportent une richesse incomparable \u00e0 notre programme pour une belle vie \u00e0 Coutances.\u00a0\u00bb<\/div>\n<\/div>\n<\/div>\n<\/div>\n<\/td>\n<\/tr>\n<\/tbody>\n<\/table>\n<p>&nbsp;<\/p>\n<table class=\" aligncenter\" style=\"width: 80%; background-color: #ffffff;\">\n<tbody>\n<tr>\n<td><img loading=\"lazy\" decoding=\"async\" class=\"aligncenter size-full wp-image-3233\" src=\"http:\/\/alternativescoutances.fr\/wp-content\/uploads\/2026\/03\/erick.jpg\" alt=\"\" width=\"600\" height=\"503\" srcset=\"http:\/\/alternativescoutances.fr\/wp-content\/uploads\/2026\/03\/erick.jpg 600w, http:\/\/alternativescoutances.fr\/wp-content\/uploads\/2026\/03\/erick-300x252.jpg 300w\" sizes=\"auto, (max-width: 600px) 100vw, 600px\" \/><\/td>\n<\/tr>\n<tr>\n<td>\n<div dir=\"auto\"><\/div>\n<div dir=\"auto\">\n<div dir=\"auto\">\n<div dir=\"auto\">\u00ab\u00a0<span class=\"x193iq5w xeuugli x13faqbe x1vvkbs x1xmvt09 x1lliihq x1s928wv xhkezso x1gmr53x x1cpjm7i x1fgarty x1943h6x xudqn12 x3x7a5m x6prxxf xvq8zen xo1l8bm xzsf02u x1yc453h\" dir=\"auto\">Conseiller municipal \u00e0 Coutances de 1983 \u00e0 1995, aujourd\u2019hui fortement engag\u00e9 dans le mouvement associatif, je suis tr\u00e8s enthousiasm\u00e9 par ce nouveau projet inscrit dans la continuit\u00e9 des luttes de gauche et \u00e9cologistes.\u00a0\u00bb<\/span><\/div>\n<\/div>\n<\/div>\n<\/td>\n<\/tr>\n<\/tbody>\n<\/table>\n<p>&nbsp;<\/p>\n<table class=\" aligncenter\" style=\"width: 80%; background-color: #ffffff;\">\n<tbody>\n<tr>\n<td style=\"vertical-align: middle;\"><div style=\"width: 720px;\" class=\"wp-video\"><video class=\"wp-video-shortcode\" id=\"video-3202-1\" width=\"720\" height=\"1280\" preload=\"metadata\" controls=\"controls\"><source type=\"video\/mp4\" src=\"http:\/\/alternativescoutances.fr\/wp-content\/uploads\/2026\/03\/ac-et-c.mp4?_=1\" \/><a href=\"http:\/\/alternativescoutances.fr\/wp-content\/uploads\/2026\/03\/ac-et-c.mp4\">http:\/\/alternativescoutances.fr\/wp-content\/uploads\/2026\/03\/ac-et-c.mp4<\/a><\/video><\/div><\/td>\n<\/tr>\n<tr>\n<td style=\"vertical-align: middle;\">\n<div dir=\"auto\"><\/div>\n<h3><span class=\"x193iq5w xeuugli x13faqbe x1vvkbs x10flsy6 x1lliihq x1s928wv xhkezso x1gmr53x x1cpjm7i x1fgarty x1943h6x x4zkp8e x41vudc x6prxxf xvq8zen xo1l8bm x17z8epw x1yc453h\" dir=\"auto\">Alternatives citoyennes du Coutan\u00e7ais s&rsquo;est choisi non pas une t\u00eate de liste mais un bin\u00f4me, repr\u00e9sentatif de la liste citoyenne qui voit la politique locale comme une aventure collective.<\/span><\/h3>\n<div class=\"x1i10hfl xjbqb8w x1ejq31n x18oe1m7 x1sy0etr xstzfhl x972fbf x10w94by x1qhh985 x14e42zd x9f619 x1ypdohk xt0psk2 x3ct3a4 xdj266r x14z9mp xat24cr x1lziwak xexx8yu xyri2b x18d9i69 x1c1uobl x16tdsg8 x1hl2dhg xggy1nq x1a2a7pz xkrqix3 x1sur9pj xzsf02u x1s688f\" tabindex=\"0\" role=\"button\"><\/div>\n<\/td>\n<\/tr>\n<\/tbody>\n<\/table>\n","protected":false},"excerpt":{"rendered":"<p>Fid\u00e8les \u00e0 notre conception de la d\u00e9mocratie, nous sommes entr\u00e9s dans la campagne des municipales 2026 comme lors de l&rsquo;\u00e9lection de 2020&#8230; D\u2019abord par la construction d&rsquo;un projet, puis en regroupant des personnes volontaires pour le porter au sein de notre liste et enfin en d\u00e9signant nos candidat-es en t\u00eate de cette liste. C&rsquo;est donc [&hellip;]<\/p>\n","protected":false},"author":2,"featured_media":0,"comment_status":"open","ping_status":"open","sticky":false,"template":"","format":"standard","meta":{"inline_featured_image":false,"ocean_post_layout":"","ocean_both_sidebars_style":"","ocean_both_sidebars_content_width":0,"ocean_both_sidebars_sidebars_width":0,"ocean_sidebar":"0","ocean_second_sidebar":"0","ocean_disable_margins":"enable","ocean_add_body_class":"","ocean_shortcode_before_top_bar":"","ocean_shortcode_after_top_bar":"","ocean_shortcode_before_header":"","ocean_shortcode_after_header":"","ocean_has_shortcode":"","ocean_shortcode_after_title":"","ocean_shortcode_before_footer_widgets":"","ocean_shortcode_after_footer_widgets":"","ocean_shortcode_before_footer_bottom":"","ocean_shortcode_after_footer_bottom":"","ocean_display_top_bar":"default","ocean_display_header":"default","ocean_header_style":"","ocean_center_header_left_menu":"0","ocean_custom_header_template":"0","ocean_custom_logo":0,"ocean_custom_retina_logo":0,"ocean_custom_logo_max_width":0,"ocean_custom_logo_tablet_max_width":0,"ocean_custom_logo_mobile_max_width":0,"ocean_custom_logo_max_height":0,"ocean_custom_logo_tablet_max_height":0,"ocean_custom_logo_mobile_max_height":0,"ocean_header_custom_menu":"0","ocean_menu_typo_font_family":"0","ocean_menu_typo_font_subset":"","ocean_menu_typo_font_size":0,"ocean_menu_typo_font_size_tablet":0,"ocean_menu_typo_font_size_mobile":0,"ocean_menu_typo_font_size_unit":"px","ocean_menu_typo_font_weight":"","ocean_menu_typo_font_weight_tablet":"","ocean_menu_typo_font_weight_mobile":"","ocean_menu_typo_transform":"","ocean_menu_typo_transform_tablet":"","ocean_menu_typo_transform_mobile":"","ocean_menu_typo_line_height":0,"ocean_menu_typo_line_height_tablet":0,"ocean_menu_typo_line_height_mobile":0,"ocean_menu_typo_line_height_unit":"","ocean_menu_typo_spacing":0,"ocean_menu_typo_spacing_tablet":0,"ocean_menu_typo_spacing_mobile":0,"ocean_menu_typo_spacing_unit":"","ocean_menu_link_color":"","ocean_menu_link_color_hover":"","ocean_menu_link_color_active":"","ocean_menu_link_background":"","ocean_menu_link_hover_background":"","ocean_menu_link_active_background":"","ocean_menu_social_links_bg":"","ocean_menu_social_hover_links_bg":"","ocean_menu_social_links_color":"","ocean_menu_social_hover_links_color":"","ocean_disable_title":"default","ocean_disable_heading":"default","ocean_post_title":"","ocean_post_subheading":"","ocean_post_title_style":"","ocean_post_title_background_color":"","ocean_post_title_background":0,"ocean_post_title_bg_image_position":"","ocean_post_title_bg_image_attachment":"","ocean_post_title_bg_image_repeat":"","ocean_post_title_bg_image_size":"","ocean_post_title_height":0,"ocean_post_title_bg_overlay":0.5,"ocean_post_title_bg_overlay_color":"","ocean_disable_breadcrumbs":"default","ocean_breadcrumbs_color":"","ocean_breadcrumbs_separator_color":"","ocean_breadcrumbs_links_color":"","ocean_breadcrumbs_links_hover_color":"","ocean_display_footer_widgets":"default","ocean_display_footer_bottom":"default","ocean_custom_footer_template":"0","ocean_post_oembed":"","ocean_post_self_hosted_media":"","ocean_post_video_embed":"","ocean_link_format":"","ocean_link_format_target":"self","ocean_quote_format":"","ocean_quote_format_link":"post","ocean_gallery_link_images":"on","ocean_gallery_id":[],"footnotes":""},"categories":[62],"tags":[],"class_list":["post-3202","post","type-post","status-publish","format-standard","hentry","category-notre-projet","entry"],"_links":{"self":[{"href":"http:\/\/alternativescoutances.fr\/index.php\/wp-json\/wp\/v2\/posts\/3202","targetHints":{"allow":["GET"]}}],"collection":[{"href":"http:\/\/alternativescoutances.fr\/index.php\/wp-json\/wp\/v2\/posts"}],"about":[{"href":"http:\/\/alternativescoutances.fr\/index.php\/wp-json\/wp\/v2\/types\/post"}],"author":[{"embeddable":true,"href":"http:\/\/alternativescoutances.fr\/index.php\/wp-json\/wp\/v2\/users\/2"}],"replies":[{"embeddable":true,"href":"http:\/\/alternativescoutances.fr\/index.php\/wp-json\/wp\/v2\/comments?post=3202"}],"version-history":[{"count":29,"href":"http:\/\/alternativescoutances.fr\/index.php\/wp-json\/wp\/v2\/posts\/3202\/revisions"}],"predecessor-version":[{"id":3245,"href":"http:\/\/alternativescoutances.fr\/index.php\/wp-json\/wp\/v2\/posts\/3202\/revisions\/3245"}],"wp:attachment":[{"href":"http:\/\/alternativescoutances.fr\/index.php\/wp-json\/wp\/v2\/media?parent=3202"}],"wp:term":[{"taxonomy":"category","embeddable":true,"href":"http:\/\/alternativescoutances.fr\/index.php\/wp-json\/wp\/v2\/categories?post=3202"},{"taxonomy":"post_tag","embeddable":true,"href":"http:\/\/alternativescoutances.fr\/index.php\/wp-json\/wp\/v2\/tags?post=3202"}],"curies":[{"name":"wp","href":"https:\/\/api.w.org\/{rel}","templated":true}]}}